
{"id":13439,"date":"2012-03-06T09:09:56","date_gmt":"2012-03-06T12:09:56","guid":{"rendered":"http:\/\/www.sudoestehoje.com.br\/novoportal\/?p=13439"},"modified":"2012-03-06T09:09:56","modified_gmt":"2012-03-06T12:09:56","slug":"ministerio-publico-investiga-contrato-da-vidal","status":"publish","type":"post","link":"https:\/\/www.sudoestehoje.com.br\/novoportal\/2012\/03\/06\/ministerio-publico-investiga-contrato-da-vidal\/","title":{"rendered":"MINIST\u00c9RIO P\u00daBLICO INVESTIGA CONTRATO DA VIDAL"},"content":{"rendered":"<p><img decoding=\"async\" class=\"aligncenter\" src=\"http:\/\/www.blogdoanderson.com\/v2\/wp-content\/uploads\/2010\/08\/PROMODORA.jpg\" alt=\"\" \/><\/p>\n<p style=\"text-align: center;\"><em>Promotora Genisia Oliveira apura den\u00fancias sobre contrato da Vidal<\/em><\/p>\n<p>&nbsp;<\/p>\n<p>ITAPETINGA: O Minist\u00e9rio P\u00fablico Estadual, atrav\u00e9s da competente e decidida promotora Genisia Oliveira, iniciou a apura\u00e7\u00e3o das den\u00fancias que foram encaminhadas pelos diret\u00f3rios do DEM, PMDB e PR, a respeito da contrata\u00e7\u00e3o da Bernardo Vidal &amp; Associados pela prefeitura de Itapetinga, para &#8216;recupera\u00e7\u00e3o&#8217; de supostos cr\u00e9ditos do munic\u00edpio junto \u00e0 Previd\u00eancia Social.<\/p>\n<p>De posse de vasta documenta\u00e7\u00e3o apresentada pelos denunciantes, incluindo documentos emitidos pela Receita Federal e INSS, a promotora Genisia Oliveira decidiu encaminhar os autos para o GEPAM (\u00d3rg\u00e3o do Minist\u00e9rio P\u00fablico), para an\u00e1lise cont\u00e1bil da efetiva\u00e7\u00e3o de cr\u00e9ditos junto \u00e0 Receita Federal.<\/p>\n<p>Diante da an\u00e1lise da GEPAM, a promotoria dever\u00e1 dar prosseguimento nas apura\u00e7\u00f5es, para decidir sobre a abertura de A\u00e7\u00e3o Civil P\u00fablica contra o gestor municipal, caso se constate que houve as irregularidades apontadas nas den\u00fancias, que tamb\u00e9m v\u00eam sendo apuradas atrav\u00e9s de CPI na C\u00e2mara Municipal.<\/p>\n<p>Demonstrando interesse pelo caso e a necess\u00e1ria transpar\u00eancia nos seus atos, a promotora Gen\u00edsia Oliveira encaminhou of\u00edcio ao presidente do Democratas, Geraldo Trindade, informando as provid\u00eancias adotadas.<\/p>\n<p>Clique no link para visualizar oficio do MP:\u00a0<a href=\"http:\/\/www.sudoestehoje.com.br\/novoportal\/wp-content\/uploads\/2012\/03\/OFICIO-MP-Bernardo-Vidal.pdf\">OFICIO MP &#8211; Bernardo Vidal<\/a><\/p>\n<p><strong><em>Por DAVI FERRAZ<\/em><\/strong><\/p>\n","protected":false},"excerpt":{"rendered":"<p>l<\/p>\n","protected":false},"author":2,"featured_media":0,"comment_status":"open","ping_status":"open","sticky":false,"template":"","format":"standard","meta":{"footnotes":"","_links_to":"","_links_to_target":""},"categories":[1],"tags":[],"class_list":["post-13439","post","type-post","status-publish","format-standard","hentry","category-geral"],"views":1191,"_links":{"self":[{"href":"https:\/\/www.sudoestehoje.com.br\/novoportal\/wp-json\/wp\/v2\/posts\/13439","targetHints":{"allow":["GET"]}}],"collection":[{"href":"https:\/\/www.sudoestehoje.com.br\/novoportal\/wp-json\/wp\/v2\/posts"}],"about":[{"href":"https:\/\/www.sudoestehoje.com.br\/novoportal\/wp-json\/wp\/v2\/types\/post"}],"author":[{"embeddable":true,"href":"https:\/\/www.sudoestehoje.com.br\/novoportal\/wp-json\/wp\/v2\/users\/2"}],"replies":[{"embeddable":true,"href":"https:\/\/www.sudoestehoje.com.br\/novoportal\/wp-json\/wp\/v2\/comments?post=13439"}],"version-history":[{"count":3,"href":"https:\/\/www.sudoestehoje.com.br\/novoportal\/wp-json\/wp\/v2\/posts\/13439\/revisions"}],"predecessor-version":[{"id":13454,"href":"https:\/\/www.sudoestehoje.com.br\/novoportal\/wp-json\/wp\/v2\/posts\/13439\/revisions\/13454"}],"wp:attachment":[{"href":"https:\/\/www.sudoestehoje.com.br\/novoportal\/wp-json\/wp\/v2\/media?parent=13439"}],"wp:term":[{"taxonomy":"category","embeddable":true,"href":"https:\/\/www.sudoestehoje.com.br\/novoportal\/wp-json\/wp\/v2\/categories?post=13439"},{"taxonomy":"post_tag","embeddable":true,"href":"https:\/\/www.sudoestehoje.com.br\/novoportal\/wp-json\/wp\/v2\/tags?post=13439"}],"curies":[{"name":"wp","href":"https:\/\/api.w.org\/{rel}","templated":true}]}}