
{"id":13422,"date":"2012-03-05T20:20:16","date_gmt":"2012-03-05T23:20:16","guid":{"rendered":"http:\/\/www.sudoestehoje.com.br\/novoportal\/?p=13422"},"modified":"2012-03-05T20:20:16","modified_gmt":"2012-03-05T23:20:16","slug":"salvador-waldir-pires-confirma-candidatura-a-vereador","status":"publish","type":"post","link":"https:\/\/www.sudoestehoje.com.br\/novoportal\/2012\/03\/05\/salvador-waldir-pires-confirma-candidatura-a-vereador\/","title":{"rendered":"SALVADOR: WALDIR PIRES CONFIRMA CANDIDATURA A VEREADOR"},"content":{"rendered":"<p><img decoding=\"async\" class=\"aligncenter\" src=\"http:\/\/www.bahianoticias.com.br\/fotos\/principal_noticias\/112361\/IMAGEM_NOTICIA_5.jpg\" alt=\"Waldir Pires confirma candidatura a vereador em Salvador\" width=\"400\" \/><\/p>\n<p>&nbsp;<\/p>\n<p>SALVADOR: A expectativa de que o ex-ministro da Defesa e ex-governador Waldir Pires fosse concorrer a vereador nas elei\u00e7\u00f5es deste ano,\u00a0\u00a0foi confirmada nesta segunda-feira (5). Ele contou ao Terra Magazine que ir\u00e1 disputar uma cadeira na C\u00e2mara Municipal de Salvador pelo PT. Aos 85 anos, Waldir diz estar incomodado com o que v\u00ea na capital baiana, &#8220;nos pa\u00edses e na sociedade humana&#8221;. \u201cN\u00e3o h\u00e1 como olhar para o espelho e admitir para si mesmo n\u00e3o participar das grandes preocupa\u00e7\u00f5es. As capitais, a nossa capital, s\u00e3o ou deveriam ser um n\u00facleo de organiza\u00e7\u00e3o da vida, de inclus\u00e3o social&#8230; \u00c9 uma oportunidade de dizer que tenho uma tarefa, que todos n\u00f3s cidad\u00e3os temos uma tarefa pol\u00edtica, por isso eu vou \u00e0 luta. Salvador foi a cidade onde conheci o mar. Isso j\u00e1 \u00e9 muito&#8230;\u201d, justifica. Waldir afirma que a decis\u00e3o de ser candidato \u00e9 \u201cpessoal e definitiva\u201d. \u201cEstou bem de sa\u00fade, estou bem de alma e a pol\u00edtica \u00e9 a \u00fanica forma de organizar a sociedade humana e preservar a civiliza\u00e7\u00e3o&#8230;\u201d, diz. BN<\/p>\n","protected":false},"excerpt":{"rendered":"<p>&nbsp; SALVADOR: A expectativa de que o ex-ministro da Defesa e ex-governador Waldir Pires fosse concorrer a vereador nas elei\u00e7\u00f5es deste ano,\u00a0\u00a0foi confirmada nesta segunda-feira (5). Ele contou ao Terra Magazine que ir\u00e1 disputar uma cadeira na C\u00e2mara Municipal de Salvador pelo PT. Aos 85 anos, Waldir diz estar incomodado com o que v\u00ea na [&hellip;]<\/p>\n","protected":false},"author":2,"featured_media":0,"comment_status":"open","ping_status":"open","sticky":false,"template":"","format":"standard","meta":{"footnotes":"","_links_to":"","_links_to_target":""},"categories":[1],"tags":[],"class_list":["post-13422","post","type-post","status-publish","format-standard","hentry","category-geral"],"views":1271,"_links":{"self":[{"href":"https:\/\/www.sudoestehoje.com.br\/novoportal\/wp-json\/wp\/v2\/posts\/13422","targetHints":{"allow":["GET"]}}],"collection":[{"href":"https:\/\/www.sudoestehoje.com.br\/novoportal\/wp-json\/wp\/v2\/posts"}],"about":[{"href":"https:\/\/www.sudoestehoje.com.br\/novoportal\/wp-json\/wp\/v2\/types\/post"}],"author":[{"embeddable":true,"href":"https:\/\/www.sudoestehoje.com.br\/novoportal\/wp-json\/wp\/v2\/users\/2"}],"replies":[{"embeddable":true,"href":"https:\/\/www.sudoestehoje.com.br\/novoportal\/wp-json\/wp\/v2\/comments?post=13422"}],"version-history":[{"count":5,"href":"https:\/\/www.sudoestehoje.com.br\/novoportal\/wp-json\/wp\/v2\/posts\/13422\/revisions"}],"predecessor-version":[{"id":13427,"href":"https:\/\/www.sudoestehoje.com.br\/novoportal\/wp-json\/wp\/v2\/posts\/13422\/revisions\/13427"}],"wp:attachment":[{"href":"https:\/\/www.sudoestehoje.com.br\/novoportal\/wp-json\/wp\/v2\/media?parent=13422"}],"wp:term":[{"taxonomy":"category","embeddable":true,"href":"https:\/\/www.sudoestehoje.com.br\/novoportal\/wp-json\/wp\/v2\/categories?post=13422"},{"taxonomy":"post_tag","embeddable":true,"href":"https:\/\/www.sudoestehoje.com.br\/novoportal\/wp-json\/wp\/v2\/tags?post=13422"}],"curies":[{"name":"wp","href":"https:\/\/api.w.org\/{rel}","templated":true}]}}