
{"id":13413,"date":"2012-03-04T10:11:01","date_gmt":"2012-03-04T13:11:01","guid":{"rendered":"http:\/\/www.sudoestehoje.com.br\/novoportal\/?p=13413"},"modified":"2012-03-04T10:11:01","modified_gmt":"2012-03-04T13:11:01","slug":"governo-quer-mudancas-na-clt","status":"publish","type":"post","link":"https:\/\/www.sudoestehoje.com.br\/novoportal\/2012\/03\/04\/governo-quer-mudancas-na-clt\/","title":{"rendered":"GOVERNO QUER MUDAN\u00c7AS NA CLT"},"content":{"rendered":"<p><img decoding=\"async\" class=\"aligncenter\" src=\"http:\/\/www.bahiatodahora.com.br\/wp-content\/uploads\/2011\/08\/carteira-trabalho.jpg\" alt=\"Governo quer mudan\u00e7a na CLT\" width=\"400\" \/><\/p>\n<p>&nbsp;<\/p>\n<p>O governo vai propor ao Congresso mudan\u00e7as nas leis trabalhistas para criar duas novas formas de contrata\u00e7\u00e3o, com o objetivo de dinamizar o mercado de trabalho: a eventual e a por hora trabalhada.<\/p>\n<p>A proposta, que est\u00e1 sendo formatada por t\u00e9cnicos do Minist\u00e9rio do Trabalho e Emprego, vai beneficiar, sobretudo, o setor de servi\u00e7os, que \u00e9 o que mais emprega no pa\u00eds, estimulando a formaliza\u00e7\u00e3o de trabalhadores que hoje n\u00e3o t\u00eam carteira assinada.<\/p>\n<p>As mudan\u00e7as na Consolida\u00e7\u00e3o das Leis do Trabalho (CLT) v\u00e3o permitir, na pr\u00e1tica, a carteira assinada para quem trabalha dois dias por semana ou tr\u00eas horas por dia, por exemplo, com direito a pagamento de f\u00e9rias, 13.\u00ba sal\u00e1rio e FGTS.<\/p>\n<p>Para vencer resist\u00eancias e reduzir eventuais cr\u00edticas, o governo pretende classificar as mudan\u00e7as na CLT como uma \u201cmoderniza\u00e7\u00e3o\u201d do marco regulat\u00f3rio do mercado de trabalho, enfatizando que elas n\u00e3o representar\u00e3o perdas de direitos trabalhistas.<\/p>\n<p>As mudan\u00e7as permitir\u00e3o que as empresas contratem um empregado que s\u00f3 vai receber quando for chamado para alguma atividade. Esse mecanismo deve beneficiar, por exemplo, as empresas que realizam shows, produtoras de televis\u00e3o e cinema e at\u00e9 servi\u00e7os de buffet.<\/p>\n<p>Com a mudan\u00e7a, uma empresa que organiza um festival de m\u00fasica ter\u00e1 mais facilidade para dispor de funcion\u00e1rios no caso de chuvas que exijam reparos e limpeza na estrutura, por exemplo. Outra possibilidade ser\u00e1 a contrata\u00e7\u00e3o por bares e restaurantes de refor\u00e7o para feriados ou dias de feijoada.<\/p>\n","protected":false},"excerpt":{"rendered":"<p>&nbsp; O governo vai propor ao Congresso mudan\u00e7as nas leis trabalhistas para criar duas novas formas de contrata\u00e7\u00e3o, com o objetivo de dinamizar o mercado de trabalho: a eventual e a por hora trabalhada. A proposta, que est\u00e1 sendo formatada por t\u00e9cnicos do Minist\u00e9rio do Trabalho e Emprego, vai beneficiar, sobretudo, o setor de servi\u00e7os, [&hellip;]<\/p>\n","protected":false},"author":2,"featured_media":0,"comment_status":"open","ping_status":"open","sticky":false,"template":"","format":"standard","meta":{"footnotes":"","_links_to":"","_links_to_target":""},"categories":[1],"tags":[],"class_list":["post-13413","post","type-post","status-publish","format-standard","hentry","category-geral"],"views":1281,"_links":{"self":[{"href":"https:\/\/www.sudoestehoje.com.br\/novoportal\/wp-json\/wp\/v2\/posts\/13413","targetHints":{"allow":["GET"]}}],"collection":[{"href":"https:\/\/www.sudoestehoje.com.br\/novoportal\/wp-json\/wp\/v2\/posts"}],"about":[{"href":"https:\/\/www.sudoestehoje.com.br\/novoportal\/wp-json\/wp\/v2\/types\/post"}],"author":[{"embeddable":true,"href":"https:\/\/www.sudoestehoje.com.br\/novoportal\/wp-json\/wp\/v2\/users\/2"}],"replies":[{"embeddable":true,"href":"https:\/\/www.sudoestehoje.com.br\/novoportal\/wp-json\/wp\/v2\/comments?post=13413"}],"version-history":[{"count":3,"href":"https:\/\/www.sudoestehoje.com.br\/novoportal\/wp-json\/wp\/v2\/posts\/13413\/revisions"}],"predecessor-version":[{"id":13416,"href":"https:\/\/www.sudoestehoje.com.br\/novoportal\/wp-json\/wp\/v2\/posts\/13413\/revisions\/13416"}],"wp:attachment":[{"href":"https:\/\/www.sudoestehoje.com.br\/novoportal\/wp-json\/wp\/v2\/media?parent=13413"}],"wp:term":[{"taxonomy":"category","embeddable":true,"href":"https:\/\/www.sudoestehoje.com.br\/novoportal\/wp-json\/wp\/v2\/categories?post=13413"},{"taxonomy":"post_tag","embeddable":true,"href":"https:\/\/www.sudoestehoje.com.br\/novoportal\/wp-json\/wp\/v2\/tags?post=13413"}],"curies":[{"name":"wp","href":"https:\/\/api.w.org\/{rel}","templated":true}]}}