
{"id":13409,"date":"2012-03-04T08:57:06","date_gmt":"2012-03-04T11:57:06","guid":{"rendered":"http:\/\/www.sudoestehoje.com.br\/novoportal\/?p=13409"},"modified":"2012-03-04T08:57:06","modified_gmt":"2012-03-04T11:57:06","slug":"maconha-na-feira","status":"publish","type":"post","link":"https:\/\/www.sudoestehoje.com.br\/novoportal\/2012\/03\/04\/maconha-na-feira\/","title":{"rendered":"MACONHA NA FEIRA"},"content":{"rendered":"<p><img decoding=\"async\" class=\"aligncenter\" src=\"http:\/\/www.blogdoanderson.com\/v2\/wp-content\/uploads\/2012\/03\/maconha_na_feira.jpg\" alt=\"\" width=\"400\" \/><\/p>\n<p style=\"text-align: center;\"><em>P\u00e9s de maconha foram apreendidos pela pol\u00edcia<\/em><\/p>\n<p>&nbsp;<\/p>\n<p>JAGUAQUARA: Parece mentira, mas de acordo com o Blog do Marcos Frahm, tr\u00eas homens foram flagrados comercializando maconha na feira livre de Jaguaquara. A Pol\u00edcia Civil chegou aos irm\u00e3os Silveira (Roberto e Geraldo) ap\u00f3s denuncias.<\/p>\n<p><em>\u201cA droga estava na barraca dos feirantes, onde os mesmos comercializam jil\u00f3. Segundo informa\u00e7\u00f5es, os agentes teriam recebido den\u00fancia an\u00f4nima dando conta de que os irm\u00e3os comercializam a erva em meio \u00e0 verdura na Pra\u00e7a Guilherme Silva. Os acusados foram levados a zona rural, no povoado denominado \u201d Riach\u00e3o dos Caboclos \u201d onde cultivavam cerca de 50 p\u00e9s de maconha. Na localidade, estava Domingos Lopes de Almeida, que tomava conta da planta\u00e7\u00e3o. Al\u00e9m da droga, um aparelho celular e a quantia de R$ 92, 00 em dinheiro, supostamente proveniente do tr\u00e1fico, foram apreendidos. Os produtos e os tr\u00eas acusados foram conduzidos \u00e0 presen\u00e7a da delegada Maria do Socorro, ficando presos em flagrante pelo tr\u00e1fico de entorpecente. A Pol\u00edcia informou ainda que, os feirantes, j\u00e1 estavam sedo investigado\u201d<\/em>, informou o site.<\/p>\n","protected":false},"excerpt":{"rendered":"<p>P\u00e9s de maconha foram apreendidos pela pol\u00edcia &nbsp; JAGUAQUARA: Parece mentira, mas de acordo com o Blog do Marcos Frahm, tr\u00eas homens foram flagrados comercializando maconha na feira livre de Jaguaquara. A Pol\u00edcia Civil chegou aos irm\u00e3os Silveira (Roberto e Geraldo) ap\u00f3s denuncias. \u201cA droga estava na barraca dos feirantes, onde os mesmos comercializam jil\u00f3. [&hellip;]<\/p>\n","protected":false},"author":2,"featured_media":0,"comment_status":"open","ping_status":"open","sticky":false,"template":"","format":"standard","meta":{"footnotes":"","_links_to":"","_links_to_target":""},"categories":[1],"tags":[],"class_list":["post-13409","post","type-post","status-publish","format-standard","hentry","category-geral"],"views":1276,"_links":{"self":[{"href":"https:\/\/www.sudoestehoje.com.br\/novoportal\/wp-json\/wp\/v2\/posts\/13409","targetHints":{"allow":["GET"]}}],"collection":[{"href":"https:\/\/www.sudoestehoje.com.br\/novoportal\/wp-json\/wp\/v2\/posts"}],"about":[{"href":"https:\/\/www.sudoestehoje.com.br\/novoportal\/wp-json\/wp\/v2\/types\/post"}],"author":[{"embeddable":true,"href":"https:\/\/www.sudoestehoje.com.br\/novoportal\/wp-json\/wp\/v2\/users\/2"}],"replies":[{"embeddable":true,"href":"https:\/\/www.sudoestehoje.com.br\/novoportal\/wp-json\/wp\/v2\/comments?post=13409"}],"version-history":[{"count":3,"href":"https:\/\/www.sudoestehoje.com.br\/novoportal\/wp-json\/wp\/v2\/posts\/13409\/revisions"}],"predecessor-version":[{"id":13412,"href":"https:\/\/www.sudoestehoje.com.br\/novoportal\/wp-json\/wp\/v2\/posts\/13409\/revisions\/13412"}],"wp:attachment":[{"href":"https:\/\/www.sudoestehoje.com.br\/novoportal\/wp-json\/wp\/v2\/media?parent=13409"}],"wp:term":[{"taxonomy":"category","embeddable":true,"href":"https:\/\/www.sudoestehoje.com.br\/novoportal\/wp-json\/wp\/v2\/categories?post=13409"},{"taxonomy":"post_tag","embeddable":true,"href":"https:\/\/www.sudoestehoje.com.br\/novoportal\/wp-json\/wp\/v2\/tags?post=13409"}],"curies":[{"name":"wp","href":"https:\/\/api.w.org\/{rel}","templated":true}]}}