
{"id":13363,"date":"2012-03-01T22:21:23","date_gmt":"2012-03-02T01:21:23","guid":{"rendered":"http:\/\/www.sudoestehoje.com.br\/novoportal\/?p=13363"},"modified":"2012-03-01T22:27:59","modified_gmt":"2012-03-02T01:27:59","slug":"itc-vende-campo-de-futebol-para-rede-de-supermercados","status":"publish","type":"post","link":"https:\/\/www.sudoestehoje.com.br\/novoportal\/2012\/03\/01\/itc-vende-campo-de-futebol-para-rede-de-supermercados\/","title":{"rendered":"ITC VENDE CAMPO DE FUTEBOL PARA REDE DE SUPERMERCADOS"},"content":{"rendered":"<p><img decoding=\"async\" class=\"aligncenter\" src=\"http:\/\/economiabaiana.com.br\/wp-content\/uploads\/2011\/03\/hiperbompreco.jpg\" alt=\"\" \/><\/p>\n<p style=\"text-align: center;\"><em>Uma das op\u00e7\u00f5es do Walmart para Itapetinga \u00e9 o Hiper Bompre\u00e7o<\/em><\/p>\n<p>&nbsp;<\/p>\n<p>ITAPETINGA: A dire\u00e7\u00e3o do Itapetinga T\u00eanis Clube, atrav\u00e9s do diretor Milton Junior, anunciou que est\u00e1 negociando a venda de uma \u00e1rea que compreende o campo de futebol do clube, para a rede americana se supermercados Walmart. O an\u00fancio foi feito na manh\u00e3 desta quarta-feira (29), em um programa de r\u00e1dio local, pelo diretor do ITC, que esclareceu que a venda foi discutida e aprovada em assembl\u00e9ia geral dos associados do clube e que o valor da venda gira em torno de 1,8 milh\u00e3o.<\/p>\n<p>A rede Walmart \u00e9 propriet\u00e1ria das redes <em>Bompre\u00e7o, Mix<\/em> e <em>Todo Dia<\/em>, mas ainda n\u00e3o anunciou qual deles ser\u00e1 instalado em Itapetinga.<\/p>\n<div>De acordo com Milton J\u00fanior, o Walmart vai adquirir uma \u00e1rea de quatro mil e setecentos metros quadrados, pagando esse valor no ato da compra. Com o produto da venda do terreno, a dire\u00e7\u00e3o do clube dever\u00e1 \u00a0pagar d\u00edvidas e realizar melhorias em suas instala\u00e7\u00f5es, inclusive a constru\u00e7\u00e3o de um novo de futebol, em outra \u00e1rea dentro do pr\u00f3prio clube.<\/div>\n<div><\/div>\n<div><strong><em>Da Reda\u00e7\u00e3o<\/em><\/strong><\/div>\n<div><\/div>\n<div><\/div>\n","protected":false},"excerpt":{"rendered":"<p>Uma das op\u00e7\u00f5es do Walmart para Itapetinga \u00e9 o Hiper Bompre\u00e7o &nbsp; ITAPETINGA: A dire\u00e7\u00e3o do Itapetinga T\u00eanis Clube, atrav\u00e9s do diretor Milton Junior, anunciou que est\u00e1 negociando a venda de uma \u00e1rea que compreende o campo de futebol do clube, para a rede americana se supermercados Walmart. O an\u00fancio foi feito na manh\u00e3 desta [&hellip;]<\/p>\n","protected":false},"author":2,"featured_media":0,"comment_status":"open","ping_status":"open","sticky":false,"template":"","format":"standard","meta":{"footnotes":"","_links_to":"","_links_to_target":""},"categories":[1],"tags":[],"class_list":["post-13363","post","type-post","status-publish","format-standard","hentry","category-geral"],"views":1259,"_links":{"self":[{"href":"https:\/\/www.sudoestehoje.com.br\/novoportal\/wp-json\/wp\/v2\/posts\/13363","targetHints":{"allow":["GET"]}}],"collection":[{"href":"https:\/\/www.sudoestehoje.com.br\/novoportal\/wp-json\/wp\/v2\/posts"}],"about":[{"href":"https:\/\/www.sudoestehoje.com.br\/novoportal\/wp-json\/wp\/v2\/types\/post"}],"author":[{"embeddable":true,"href":"https:\/\/www.sudoestehoje.com.br\/novoportal\/wp-json\/wp\/v2\/users\/2"}],"replies":[{"embeddable":true,"href":"https:\/\/www.sudoestehoje.com.br\/novoportal\/wp-json\/wp\/v2\/comments?post=13363"}],"version-history":[{"count":5,"href":"https:\/\/www.sudoestehoje.com.br\/novoportal\/wp-json\/wp\/v2\/posts\/13363\/revisions"}],"predecessor-version":[{"id":13367,"href":"https:\/\/www.sudoestehoje.com.br\/novoportal\/wp-json\/wp\/v2\/posts\/13363\/revisions\/13367"}],"wp:attachment":[{"href":"https:\/\/www.sudoestehoje.com.br\/novoportal\/wp-json\/wp\/v2\/media?parent=13363"}],"wp:term":[{"taxonomy":"category","embeddable":true,"href":"https:\/\/www.sudoestehoje.com.br\/novoportal\/wp-json\/wp\/v2\/categories?post=13363"},{"taxonomy":"post_tag","embeddable":true,"href":"https:\/\/www.sudoestehoje.com.br\/novoportal\/wp-json\/wp\/v2\/tags?post=13363"}],"curies":[{"name":"wp","href":"https:\/\/api.w.org\/{rel}","templated":true}]}}