
{"id":1334,"date":"2010-10-20T22:02:38","date_gmt":"2010-10-21T01:02:38","guid":{"rendered":"http:\/\/www.sudoestehoje.com.br\/novoportal\/?p=1334"},"modified":"2010-10-20T22:02:38","modified_gmt":"2010-10-21T01:02:38","slug":"cntsensus-mostra-diferenca-de-5-entre-dilma-e-serra","status":"publish","type":"post","link":"https:\/\/www.sudoestehoje.com.br\/novoportal\/2010\/10\/20\/cntsensus-mostra-diferenca-de-5-entre-dilma-e-serra\/","title":{"rendered":"CNT\/Sensus mostra diferen\u00e7a de 5% entre Dilma e Serra"},"content":{"rendered":"<p style=\"text-align: center;\"><img decoding=\"async\" src=\"http:\/\/www.jblog.com.br\/media\/24\/20100817-dilma_serra.jpg\" alt=\"\" \/><\/p>\n<p>Pesquisa do Instituto Sensus encomendada pela Confedera\u00e7\u00e3o Nacional do Transporte (CNT) divulgada na noite desta quarta-feira mostra a candidata do PT \u00e0 presid\u00eancia da Rep\u00fablica, Dilma Rousseff, com 52,8% de votos v\u00e1lidos, contra 47,2% do tucano Jos\u00e9 Serra. O cen\u00e1rio desconta os eleitores indecisos e aqueles que disseram que votariam em branco ou anulariam o voto no dia 31 de outubro. No caso de ambos os presidenci\u00e1veis, houve varia\u00e7\u00e3o de votos dentro da margem de erro, com Dilma ampliando de 52,3% na \u00faltima semana para 52,8% no atual levantamento, ao passo que o ex-governador de S\u00e3o Paulo, Jos\u00e9 Serra, passa de 47,7% para 47,2%. Os votos v\u00e1lidos desconsideram brancos e nulos, que somaram 4,1% dos entrevistados, e indecisos, que somaram 7,2%. Considerando-se este p\u00fablico eleitor, Dilma tem 46,8% e Serra, 41,8% dos votos totais. A pesquisa foi realizada nos dias 18 e 19 de outubro, com 2 mil eleitores. A margem de erro \u00e9 de 2,2 pontos percentuais. O levantamento foi registrado no Tribunal Superior Eleitoral (TSE) sob o n\u00famero 36.192\/2010. No cen\u00e1rio espont\u00e2neo, Dilma passou dos 44,5% do levantamento realizado entre os dias 11 e 13 deste m\u00eas para 45,3% na pesquisa atual. Jos\u00e9 Serra tinha 40,4% e agora tem 40,6%. Brancos e nulos somam 4,1% e indecisos, 9,5%. Quando medido o patamar de rejei\u00e7\u00e3o dos candidatos, os dois se mant\u00e9m est\u00e1veis, com Dilma Rousseff com 35,4% e Jos\u00e9 Serra com 39,8%. (Terra)<\/p>\n","protected":false},"excerpt":{"rendered":"<p>Pesquisa do Instituto Sensus encomendada pela Confedera\u00e7\u00e3o Nacional do Transporte (CNT) divulgada na noite desta quarta-feira mostra a candidata do PT \u00e0 presid\u00eancia da Rep\u00fablica, Dilma Rousseff, com 52,8% de votos v\u00e1lidos, contra 47,2% do tucano Jos\u00e9 Serra. O cen\u00e1rio desconta os eleitores indecisos e aqueles que disseram que votariam em branco ou anulariam o [&hellip;]<\/p>\n","protected":false},"author":2,"featured_media":0,"comment_status":"open","ping_status":"open","sticky":false,"template":"","format":"standard","meta":{"footnotes":"","_links_to":"","_links_to_target":""},"categories":[1],"tags":[],"class_list":["post-1334","post","type-post","status-publish","format-standard","hentry","category-geral"],"views":1166,"_links":{"self":[{"href":"https:\/\/www.sudoestehoje.com.br\/novoportal\/wp-json\/wp\/v2\/posts\/1334","targetHints":{"allow":["GET"]}}],"collection":[{"href":"https:\/\/www.sudoestehoje.com.br\/novoportal\/wp-json\/wp\/v2\/posts"}],"about":[{"href":"https:\/\/www.sudoestehoje.com.br\/novoportal\/wp-json\/wp\/v2\/types\/post"}],"author":[{"embeddable":true,"href":"https:\/\/www.sudoestehoje.com.br\/novoportal\/wp-json\/wp\/v2\/users\/2"}],"replies":[{"embeddable":true,"href":"https:\/\/www.sudoestehoje.com.br\/novoportal\/wp-json\/wp\/v2\/comments?post=1334"}],"version-history":[{"count":3,"href":"https:\/\/www.sudoestehoje.com.br\/novoportal\/wp-json\/wp\/v2\/posts\/1334\/revisions"}],"predecessor-version":[{"id":1337,"href":"https:\/\/www.sudoestehoje.com.br\/novoportal\/wp-json\/wp\/v2\/posts\/1334\/revisions\/1337"}],"wp:attachment":[{"href":"https:\/\/www.sudoestehoje.com.br\/novoportal\/wp-json\/wp\/v2\/media?parent=1334"}],"wp:term":[{"taxonomy":"category","embeddable":true,"href":"https:\/\/www.sudoestehoje.com.br\/novoportal\/wp-json\/wp\/v2\/categories?post=1334"},{"taxonomy":"post_tag","embeddable":true,"href":"https:\/\/www.sudoestehoje.com.br\/novoportal\/wp-json\/wp\/v2\/tags?post=1334"}],"curies":[{"name":"wp","href":"https:\/\/api.w.org\/{rel}","templated":true}]}}