
{"id":13335,"date":"2012-03-01T00:46:34","date_gmt":"2012-03-01T03:46:34","guid":{"rendered":"http:\/\/www.sudoestehoje.com.br\/novoportal\/?p=13335"},"modified":"2012-03-01T01:31:04","modified_gmt":"2012-03-01T04:31:04","slug":"paradeiro-no-comercio-de-itapetinga","status":"publish","type":"post","link":"https:\/\/www.sudoestehoje.com.br\/novoportal\/2012\/03\/01\/paradeiro-no-comercio-de-itapetinga\/","title":{"rendered":"PARADEIRO NO COM\u00c9RCIO DE ITAPETINGA"},"content":{"rendered":"<div id=\"attachment_13336\" style=\"width: 510px\" class=\"wp-caption aligncenter\"><a href=\"http:\/\/www.sudoestehoje.com.br\/novoportal\/wp-content\/uploads\/2012\/03\/100_7006.jpg\"><img loading=\"lazy\" decoding=\"async\" aria-describedby=\"caption-attachment-13336\" class=\"size-medium wp-image-13336\" title=\"100_7006\" src=\"http:\/\/www.sudoestehoje.com.br\/novoportal\/wp-content\/uploads\/2012\/03\/100_7006-500x333.jpg\" alt=\"\" width=\"500\" height=\"333\" srcset=\"https:\/\/www.sudoestehoje.com.br\/novoportal\/wp-content\/uploads\/2012\/03\/100_7006-500x333.jpg 500w, https:\/\/www.sudoestehoje.com.br\/novoportal\/wp-content\/uploads\/2012\/03\/100_7006-1024x682.jpg 1024w, https:\/\/www.sudoestehoje.com.br\/novoportal\/wp-content\/uploads\/2012\/03\/100_7006.jpg 1800w\" sizes=\"auto, (max-width: 500px) 100vw, 500px\" \/><\/a><p id=\"caption-attachment-13336\" class=\"wp-caption-text\">Alameda Rui Barbosa ficou completamente vazia no decorrer desta semana e nem mesmo os habituais camel\u00f4s se arriscaram em expor as suas mercadorias. Foto Sudoeste Hoje<\/p><\/div>\n<p>&nbsp;<\/p>\n<p>ITAPETINGA: Depois da crise da Azal\u00e9ia, que levou \u00e0 demiss\u00e3o de cerca de 4 mil funcion\u00e1rios nos \u00faltimos 3 meses, o com\u00e9rcio de Itapetinga come\u00e7a a sentir os seus reflexos. O centro comercial da cidade, que fervilhava de gente at\u00e9 o Natal passado, est\u00e1 totalmente deserto, com ruas e lojas vazias. Desanimados, os comerciantes j\u00e1 come\u00e7am a fazer as contas e pensam em reduzir custos, demitindo parte dos empegados.<\/p>\n<div id=\"attachment_13343\" style=\"width: 510px\" class=\"wp-caption aligncenter\"><a href=\"http:\/\/www.sudoestehoje.com.br\/novoportal\/wp-content\/uploads\/2012\/03\/100_6968.jpg\"><img loading=\"lazy\" decoding=\"async\" aria-describedby=\"caption-attachment-13343\" class=\"size-medium wp-image-13343\" title=\"100_6968\" src=\"http:\/\/www.sudoestehoje.com.br\/novoportal\/wp-content\/uploads\/2012\/03\/100_6968-500x333.jpg\" alt=\"\" width=\"500\" height=\"333\" srcset=\"https:\/\/www.sudoestehoje.com.br\/novoportal\/wp-content\/uploads\/2012\/03\/100_6968-500x333.jpg 500w, https:\/\/www.sudoestehoje.com.br\/novoportal\/wp-content\/uploads\/2012\/03\/100_6968-1024x682.jpg 1024w, https:\/\/www.sudoestehoje.com.br\/novoportal\/wp-content\/uploads\/2012\/03\/100_6968.jpg 1800w\" sizes=\"auto, (max-width: 500px) 100vw, 500px\" \/><\/a><p id=\"caption-attachment-13343\" class=\"wp-caption-text\">Mesmo durante a greve da Pol\u00edcia Militar, o movimento no com\u00e9rcio de Itapetinga foi intenso (foto). Depois do Carnaval, as ruas do centro comercial ficaram desertas.<\/p><\/div>\n<p>Entretanto, a maior preocupa\u00e7\u00e3o dos comerciantes vem sendo a crescente inadimpl\u00eancia, que deve aumentar ainda mais depois que os demitidos da Azal\u00e9ia deixarem de receber as parcelas do seguro desemprego. Por outro lado, os empregados da Azal\u00e9ia que conseguiram manter os seus empregos, ficaram mais cautelosos e diminu\u00edram o \u00edmpeto consumista, por raz\u00f5es \u00f3bvias.<\/p>\n<p>\u00c9 tempo de poupar e n\u00e3o de gastar&#8230;<\/p>\n<p><strong><em>Por DAVI FERRAZ<\/em><\/strong><\/p>\n<p>&nbsp;<\/p>\n<p>&nbsp;<\/p>\n","protected":false},"excerpt":{"rendered":"<p>&nbsp; ITAPETINGA: Depois da crise da Azal\u00e9ia, que levou \u00e0 demiss\u00e3o de cerca de 4 mil funcion\u00e1rios nos \u00faltimos 3 meses, o com\u00e9rcio de Itapetinga come\u00e7a a sentir os seus reflexos. O centro comercial da cidade, que fervilhava de gente at\u00e9 o Natal passado, est\u00e1 totalmente deserto, com ruas e lojas vazias. Desanimados, os comerciantes [&hellip;]<\/p>\n","protected":false},"author":2,"featured_media":0,"comment_status":"open","ping_status":"open","sticky":false,"template":"","format":"standard","meta":{"footnotes":"","_links_to":"","_links_to_target":""},"categories":[1],"tags":[],"class_list":["post-13335","post","type-post","status-publish","format-standard","hentry","category-geral"],"views":2716,"_links":{"self":[{"href":"https:\/\/www.sudoestehoje.com.br\/novoportal\/wp-json\/wp\/v2\/posts\/13335","targetHints":{"allow":["GET"]}}],"collection":[{"href":"https:\/\/www.sudoestehoje.com.br\/novoportal\/wp-json\/wp\/v2\/posts"}],"about":[{"href":"https:\/\/www.sudoestehoje.com.br\/novoportal\/wp-json\/wp\/v2\/types\/post"}],"author":[{"embeddable":true,"href":"https:\/\/www.sudoestehoje.com.br\/novoportal\/wp-json\/wp\/v2\/users\/2"}],"replies":[{"embeddable":true,"href":"https:\/\/www.sudoestehoje.com.br\/novoportal\/wp-json\/wp\/v2\/comments?post=13335"}],"version-history":[{"count":6,"href":"https:\/\/www.sudoestehoje.com.br\/novoportal\/wp-json\/wp\/v2\/posts\/13335\/revisions"}],"predecessor-version":[{"id":13340,"href":"https:\/\/www.sudoestehoje.com.br\/novoportal\/wp-json\/wp\/v2\/posts\/13335\/revisions\/13340"}],"wp:attachment":[{"href":"https:\/\/www.sudoestehoje.com.br\/novoportal\/wp-json\/wp\/v2\/media?parent=13335"}],"wp:term":[{"taxonomy":"category","embeddable":true,"href":"https:\/\/www.sudoestehoje.com.br\/novoportal\/wp-json\/wp\/v2\/categories?post=13335"},{"taxonomy":"post_tag","embeddable":true,"href":"https:\/\/www.sudoestehoje.com.br\/novoportal\/wp-json\/wp\/v2\/tags?post=13335"}],"curies":[{"name":"wp","href":"https:\/\/api.w.org\/{rel}","templated":true}]}}