
{"id":13305,"date":"2012-02-28T22:37:01","date_gmt":"2012-02-29T01:37:01","guid":{"rendered":"http:\/\/www.sudoestehoje.com.br\/novoportal\/?p=13305"},"modified":"2012-02-28T22:37:01","modified_gmt":"2012-02-29T01:37:01","slug":"macarani-tcm-aprova-contas-do-prefeito-carlinhos","status":"publish","type":"post","link":"https:\/\/www.sudoestehoje.com.br\/novoportal\/2012\/02\/28\/macarani-tcm-aprova-contas-do-prefeito-carlinhos\/","title":{"rendered":"MACARANI: TCM APROVA CONTAS DO PREFEITO CARLINHOS"},"content":{"rendered":"<p><img decoding=\"async\" class=\"aligncenter\" src=\"http:\/\/1.bp.blogspot.com\/_uq6liMBhfMI\/Sc4UONhoMnI\/AAAAAAAABDw\/yvUJOpsXA4Y\/s400\/Prefeito+Carlinhos.jpg\" alt=\"\" \/><\/p>\n<p style=\"text-align: center;\"><em>Prefeito Carlinhos n\u00e3o tem problemas com o TCM<\/em><\/p>\n<p>&nbsp;<\/p>\n<p>O prefeito de Macarani, Antonio Carlos Macedo (Carlinhos), atrav\u00e9s da sua assessoria cont\u00e1bil, conseguiu provar ao Tribunal de Contas dos Munic\u00edpios \u2013 TCM que a motiva\u00e7\u00e3o que levou o Tribunal a deliberar pela reprova\u00e7\u00e3o das contas da prefeitura, exerc\u00edcio 2010, \u00a0na primeira an\u00e1lise documental, n\u00e3o se tratava de dolo fiscal, mas um erro de contabilidade, passivo de reconsidera\u00e7\u00e3o, o que foi acatado e julgado nesta ter\u00e7a-feira, 28, tendo o relator, conselheiro Fernando Vita, determinado pela emiss\u00e3o de novo decis\u00f3rio, desta vez pela\u00a0 aprova\u00e7\u00e3o das contas da \u00a0prefeitura.<\/p>\n<p>O TCM tamb\u00e9m reduziu a multa imposta na primeira inst\u00e2ncia de R$ 5 mil para RS 3 mil. Na reconsidera\u00e7\u00e3o, com a apresenta\u00e7\u00e3o de novos documentos, o prefeito Carlinhos comprovou o cumprimento do \u00edndice alusivo ao art. 212 da Constitui\u00e7\u00e3o Federal, demonstrando que o gasto com educa\u00e7\u00e3o alcan\u00e7ou o montante de R$ 6.783.758,28, equivalente ao percentual de 25,11%.<\/p>\n<p>O munic\u00edpio cumpriu a meta dos percentuais que deveriam ser investidos de acordo com a constitui\u00e7\u00e3o federal e manteve as despesas com pagamento de pessoal dentro dos padr\u00f5es estabelecidos pelo que determina a lei de responsabilidade fiscal.<!--more--><\/p>\n<p>Com rela\u00e7\u00e3o a pend\u00eancia referente a sa\u00edda de numer\u00e1rio da conta especifica do FUNDEB sem documento de despesa correspondente, o prefeito encaminhou extratos banc\u00e1rios das contas, dos meses de abril e outubro, comprovando o estorno \u00e0 conta do FUNDEB.<\/p>\n<p>O chefe do Executivo Municipal de Macarani destacou que segue com fidelidade, seriedade e transpar\u00eancia o que determina a Constitui\u00e7\u00e3o Federal, investindo de forma absoluta e correta o dinheiro p\u00fablico, por isso, n\u00e3o teme investiga\u00e7\u00e3o de qualquer \u00f3rg\u00e3o estadual ou federal que acompanha a contabilidade das prefeituras. A aprova\u00e7\u00e3o de contas pelo Tribunal de Contas dos Munic\u00edpios do Estado da Bahia \u00e9 importante para qualquer munic\u00edpio. O TCM tem uma grande burocracia e \u00e9 muito minucioso nas suas fiscaliza\u00e7\u00f5es.<\/p>\n<p>\u201cQue anda com a verdade nada tem a temer, pois ela (a verdade) sempre prevalecer\u00e1\u201d. Assinalou o prefeito Carlinhos.<\/p>\n<p><strong><em>ASCOM \u2013 Macarani<\/em><\/strong><\/p>\n","protected":false},"excerpt":{"rendered":"<p>Prefeito Carlinhos n\u00e3o tem problemas com o TCM &nbsp; O prefeito de Macarani, Antonio Carlos Macedo (Carlinhos), atrav\u00e9s da sua assessoria cont\u00e1bil, conseguiu provar ao Tribunal de Contas dos Munic\u00edpios \u2013 TCM que a motiva\u00e7\u00e3o que levou o Tribunal a deliberar pela reprova\u00e7\u00e3o das contas da prefeitura, exerc\u00edcio 2010, \u00a0na primeira an\u00e1lise documental, n\u00e3o se [&hellip;]<\/p>\n","protected":false},"author":2,"featured_media":0,"comment_status":"open","ping_status":"open","sticky":false,"template":"","format":"standard","meta":{"footnotes":"","_links_to":"","_links_to_target":""},"categories":[1],"tags":[],"class_list":["post-13305","post","type-post","status-publish","format-standard","hentry","category-geral"],"views":1434,"_links":{"self":[{"href":"https:\/\/www.sudoestehoje.com.br\/novoportal\/wp-json\/wp\/v2\/posts\/13305","targetHints":{"allow":["GET"]}}],"collection":[{"href":"https:\/\/www.sudoestehoje.com.br\/novoportal\/wp-json\/wp\/v2\/posts"}],"about":[{"href":"https:\/\/www.sudoestehoje.com.br\/novoportal\/wp-json\/wp\/v2\/types\/post"}],"author":[{"embeddable":true,"href":"https:\/\/www.sudoestehoje.com.br\/novoportal\/wp-json\/wp\/v2\/users\/2"}],"replies":[{"embeddable":true,"href":"https:\/\/www.sudoestehoje.com.br\/novoportal\/wp-json\/wp\/v2\/comments?post=13305"}],"version-history":[{"count":2,"href":"https:\/\/www.sudoestehoje.com.br\/novoportal\/wp-json\/wp\/v2\/posts\/13305\/revisions"}],"predecessor-version":[{"id":13307,"href":"https:\/\/www.sudoestehoje.com.br\/novoportal\/wp-json\/wp\/v2\/posts\/13305\/revisions\/13307"}],"wp:attachment":[{"href":"https:\/\/www.sudoestehoje.com.br\/novoportal\/wp-json\/wp\/v2\/media?parent=13305"}],"wp:term":[{"taxonomy":"category","embeddable":true,"href":"https:\/\/www.sudoestehoje.com.br\/novoportal\/wp-json\/wp\/v2\/categories?post=13305"},{"taxonomy":"post_tag","embeddable":true,"href":"https:\/\/www.sudoestehoje.com.br\/novoportal\/wp-json\/wp\/v2\/tags?post=13305"}],"curies":[{"name":"wp","href":"https:\/\/api.w.org\/{rel}","templated":true}]}}