
{"id":133,"date":"2010-09-12T00:01:16","date_gmt":"2010-09-12T03:01:16","guid":{"rendered":"http:\/\/sudoestehoje.tempsite.ws\/novoportal\/?p=133"},"modified":"2010-09-18T12:51:32","modified_gmt":"2010-09-18T15:51:32","slug":"democratas-movimentaram-a-lagoa-na-noite-deste-sabado","status":"publish","type":"post","link":"https:\/\/www.sudoestehoje.com.br\/novoportal\/2010\/09\/12\/democratas-movimentaram-a-lagoa-na-noite-deste-sabado\/","title":{"rendered":"DEMOCRATAS MOVIMENTARAM A LAGOA NA NOITE DESTE S\u00c1BADO"},"content":{"rendered":"<div>\n<p style=\"text-align: center;\"><img decoding=\"async\" class=\"aligncenter\" src=\"http:\/\/www.sudoestehoje.com.br\/web\/images\/stories\/expo2.jpg\" border=\"0\" alt=\"\" \/><\/p>\n<p style=\"text-align: center;\"><strong>Paulo Souto mostrou que \u00e9 forte em Itapetinga e regi\u00e3o<\/strong><\/p>\n<p>ITAPETINGA:  O candidato democrata, Paulo Souto, visitou Itapetinga neste s\u00e1bado  (11), onde realizou com\u00edcio em prol da sua candidatura ao governo do  Estado. A concentra\u00e7\u00e3o aconteceu no Parque da Lagoa e teve in\u00edcio a por  volta das 21:00h, onde cerca de 3.000 pessoas se concentraram para ouvir  os democratas. Ao lado de Paulo Souto estavam os candidatos ao senado  Jos\u00e9 Carlos Aleluia e Jos\u00e9 Ronaldo, al\u00e9m dos deputados federais  F\u00e1bio\u00a0Souto e Luiz Carreira e os deputados estaduais Sandro R\u00e9gis e  Heraldo Rocha<\/p>\n<p>Os democratas de Itapetinga,  liderados pelo ex-prefeito Jos\u00e9 Ot\u00e1vio compareceram em massa,  destacando-se o m\u00e9dico Arnaldo Teixeira, os vereadores Naara Duarte,  Bahia e Chiquinho, O ex-vereador Zildo Carvalho, Dr. Luicio Borba,  Juscelino Gomes, al\u00e9m de lideran\u00e7as regionais, como\u00a0o ex-prefeito de  Macarani, Armando Porto, que trouxe uma enorme comitiva, e o ex-prefeito  de Itoror\u00f3, Edneu, que tamb\u00e9m promoveu uma grande concentra\u00e7\u00e3o em sua  cidade, horas antes.<\/p>\n<p>O Sudoeste Hoje fez a cobertura completa na pra\u00e7a, no palanque e nos bastidores. Aguardem as fotos.<\/p>\n<\/div>\n","protected":false},"excerpt":{"rendered":"<p>Paulo Souto mostrou que \u00e9 forte em Itapetinga e regi\u00e3o ITAPETINGA: O candidato democrata, Paulo Souto, visitou Itapetinga neste s\u00e1bado (11), onde realizou com\u00edcio em prol da sua candidatura ao governo do Estado. A concentra\u00e7\u00e3o aconteceu no Parque da Lagoa e teve in\u00edcio a por volta das 21:00h, onde cerca de 3.000 pessoas se concentraram [&hellip;]<\/p>\n","protected":false},"author":1,"featured_media":0,"comment_status":"open","ping_status":"open","sticky":false,"template":"","format":"standard","meta":{"footnotes":"","_links_to":"","_links_to_target":""},"categories":[4,5],"tags":[],"class_list":["post-133","post","type-post","status-publish","format-standard","hentry","category-politica","category-regiao"],"views":1773,"_links":{"self":[{"href":"https:\/\/www.sudoestehoje.com.br\/novoportal\/wp-json\/wp\/v2\/posts\/133","targetHints":{"allow":["GET"]}}],"collection":[{"href":"https:\/\/www.sudoestehoje.com.br\/novoportal\/wp-json\/wp\/v2\/posts"}],"about":[{"href":"https:\/\/www.sudoestehoje.com.br\/novoportal\/wp-json\/wp\/v2\/types\/post"}],"author":[{"embeddable":true,"href":"https:\/\/www.sudoestehoje.com.br\/novoportal\/wp-json\/wp\/v2\/users\/1"}],"replies":[{"embeddable":true,"href":"https:\/\/www.sudoestehoje.com.br\/novoportal\/wp-json\/wp\/v2\/comments?post=133"}],"version-history":[{"count":2,"href":"https:\/\/www.sudoestehoje.com.br\/novoportal\/wp-json\/wp\/v2\/posts\/133\/revisions"}],"predecessor-version":[{"id":135,"href":"https:\/\/www.sudoestehoje.com.br\/novoportal\/wp-json\/wp\/v2\/posts\/133\/revisions\/135"}],"wp:attachment":[{"href":"https:\/\/www.sudoestehoje.com.br\/novoportal\/wp-json\/wp\/v2\/media?parent=133"}],"wp:term":[{"taxonomy":"category","embeddable":true,"href":"https:\/\/www.sudoestehoje.com.br\/novoportal\/wp-json\/wp\/v2\/categories?post=133"},{"taxonomy":"post_tag","embeddable":true,"href":"https:\/\/www.sudoestehoje.com.br\/novoportal\/wp-json\/wp\/v2\/tags?post=133"}],"curies":[{"name":"wp","href":"https:\/\/api.w.org\/{rel}","templated":true}]}}