
{"id":13282,"date":"2012-02-28T09:59:11","date_gmt":"2012-02-28T12:59:11","guid":{"rendered":"http:\/\/www.sudoestehoje.com.br\/novoportal\/?p=13282"},"modified":"2012-02-28T11:03:43","modified_gmt":"2012-02-28T14:03:43","slug":"zenobio-baixa-a-crista-e-vai-depor-na-cpi-da-vidal","status":"publish","type":"post","link":"https:\/\/www.sudoestehoje.com.br\/novoportal\/2012\/02\/28\/zenobio-baixa-a-crista-e-vai-depor-na-cpi-da-vidal\/","title":{"rendered":"ZEN\u00d3BIO &#8216;BAIXA A CRISTA&#8217; E VAI DEPOR NA CPI DA VIDAL"},"content":{"rendered":"<p style=\"text-align: center;\"><img loading=\"lazy\" decoding=\"async\" class=\"aligncenter\" src=\"http:\/\/www.osollo.com.br\/online\/images\/stories\/ed186-02\/zenbio%20cerqueira.jpg\" alt=\"\" width=\"400\" height=\"310\" \/><\/p>\n<p style=\"text-align: center;\"><em>Zen\u00f3bio ir\u00e1 depor na CPI, na condi\u00e7\u00e3o de principal investigado<\/em><\/p>\n<p>&nbsp;<\/p>\n<p>ITAPETINGA: Depois de arrotar arrog\u00e2ncia e se negar em receber a intima\u00e7\u00e3o para depor na CPI que apura as irregularidades na contrata\u00e7\u00e3o da empresa Bernardo Vidal &amp; Associados, o ex-corretor de im\u00f3veis, Zen\u00f3bio Cirqueira, secret\u00e1rio da Fazenda e irm\u00e3o do prefeito, teve que cal\u00e7ar as suas antigas &#8216;sand\u00e1lias da humildade&#8217; e comparecer \u00e0 C\u00e2mara de Vereadores, nesta segunda-feira \u00e0 tarde, a conselho dos seus advogados.<\/p>\n<p>Como o secret\u00e1rio havia se negado em receber o &#8216;convite&#8217; da presidente da CPI, Naara Duarte (DEM), a sess\u00e3o foi adiada para esta quarta-feira, 1\u00ba de mar\u00e7o, quando o &#8216;todo poderoso&#8217; dar\u00e1 o seu depoimento na Comiss\u00e3o de Inqu\u00e9rito, na condi\u00e7\u00e3o de investigado, por ter sido o respons\u00e1vel pela contrata\u00e7\u00e3o da Vidal, juntamente com o seu assessor Israel Miranda, que tamb\u00e9m &#8216;refugou&#8217; e disse que n\u00e3o vai depor.<\/p>\n<p>Acho bom os dois irem se acostumando&#8230;<\/p>\n<p><strong><em>Por DAVI FERRAZ\u00a0<\/em><\/strong><\/p>\n","protected":false},"excerpt":{"rendered":"<p>Zen\u00f3bio ir\u00e1 depor na CPI, na condi\u00e7\u00e3o de principal investigado &nbsp; ITAPETINGA: Depois de arrotar arrog\u00e2ncia e se negar em receber a intima\u00e7\u00e3o para depor na CPI que apura as irregularidades na contrata\u00e7\u00e3o da empresa Bernardo Vidal &amp; Associados, o ex-corretor de im\u00f3veis, Zen\u00f3bio Cirqueira, secret\u00e1rio da Fazenda e irm\u00e3o do prefeito, teve que cal\u00e7ar [&hellip;]<\/p>\n","protected":false},"author":2,"featured_media":0,"comment_status":"open","ping_status":"open","sticky":false,"template":"","format":"standard","meta":{"footnotes":"","_links_to":"","_links_to_target":""},"categories":[1],"tags":[],"class_list":["post-13282","post","type-post","status-publish","format-standard","hentry","category-geral"],"views":1285,"_links":{"self":[{"href":"https:\/\/www.sudoestehoje.com.br\/novoportal\/wp-json\/wp\/v2\/posts\/13282","targetHints":{"allow":["GET"]}}],"collection":[{"href":"https:\/\/www.sudoestehoje.com.br\/novoportal\/wp-json\/wp\/v2\/posts"}],"about":[{"href":"https:\/\/www.sudoestehoje.com.br\/novoportal\/wp-json\/wp\/v2\/types\/post"}],"author":[{"embeddable":true,"href":"https:\/\/www.sudoestehoje.com.br\/novoportal\/wp-json\/wp\/v2\/users\/2"}],"replies":[{"embeddable":true,"href":"https:\/\/www.sudoestehoje.com.br\/novoportal\/wp-json\/wp\/v2\/comments?post=13282"}],"version-history":[{"count":5,"href":"https:\/\/www.sudoestehoje.com.br\/novoportal\/wp-json\/wp\/v2\/posts\/13282\/revisions"}],"predecessor-version":[{"id":13303,"href":"https:\/\/www.sudoestehoje.com.br\/novoportal\/wp-json\/wp\/v2\/posts\/13282\/revisions\/13303"}],"wp:attachment":[{"href":"https:\/\/www.sudoestehoje.com.br\/novoportal\/wp-json\/wp\/v2\/media?parent=13282"}],"wp:term":[{"taxonomy":"category","embeddable":true,"href":"https:\/\/www.sudoestehoje.com.br\/novoportal\/wp-json\/wp\/v2\/categories?post=13282"},{"taxonomy":"post_tag","embeddable":true,"href":"https:\/\/www.sudoestehoje.com.br\/novoportal\/wp-json\/wp\/v2\/tags?post=13282"}],"curies":[{"name":"wp","href":"https:\/\/api.w.org\/{rel}","templated":true}]}}