
{"id":13278,"date":"2012-02-29T01:00:01","date_gmt":"2012-02-29T04:00:01","guid":{"rendered":"http:\/\/www.sudoestehoje.com.br\/novoportal\/?p=13278"},"modified":"2012-03-01T01:05:29","modified_gmt":"2012-03-01T04:05:29","slug":"pt-define-nome-de-marcos-gabrielli-para-vice-de-ze-carlos","status":"publish","type":"post","link":"https:\/\/www.sudoestehoje.com.br\/novoportal\/2012\/02\/29\/pt-define-nome-de-marcos-gabrielli-para-vice-de-ze-carlos\/","title":{"rendered":"PT DEFINE NOME DE MARCOS GABRIELLI PARA VICE DE Z\u00c9 CARLOS"},"content":{"rendered":"<p><img decoding=\"async\" class=\"aligncenter\" src=\"http:\/\/www.sudoestehoje.com.br\/novoportal\/wp-content\/uploads\/2011\/02\/DSC_0700.jpg\" alt=\"\" width=\"500\" \/><\/p>\n<p style=\"text-align: center;\"><em>Favorito da c\u00fapula petista, Marcos Gabrielli teve as contas rejeitada pelo TCM<\/em><\/p>\n<p>&nbsp;<\/p>\n<p>ITAPETINGA: A c\u00fapula do PT baiano j\u00e1 definiu que o vereador Marcos Gabrielli ser\u00e1 mesmo o candidato a vice-prefeito na chapa encabe\u00e7ada por Z\u00e9 Carlos, nas elei\u00e7\u00f5es de outubro. Embora o alto escal\u00e3o petista considere Z\u00e9 Carlos como o pior dos prefeitos do partido no Estado, entende que n\u00e3o h\u00e1 outra alternativa sen\u00e3o &#8216;engolir&#8217; o ex-carlista, por absoluta falta de op\u00e7\u00e3o.<\/p>\n<p>Com a escolha do petista Marcos Gabrielli para compor a chapa petista, um verdadeiro furac\u00e3o deve se abater sobre a base aliada do prefeito, principalmente sobre o grupo &#8216;romildista&#8217;, que ainda tinha um &#8216;Tiquinho&#8217; de esperan\u00e7a de emplacar o vice. Pelo visto, n\u00e3o vai dar.<\/p>\n<p>As informa\u00e7\u00f5es s\u00e3o da pr\u00f3pria c\u00fapula petista, reveladas atrav\u00e9s de um prestigiado interlocutor ligado ao Gabinete Civil do Governo, que \u00e9 chefiado pelo secret\u00e1rio Rui Costa, favorito de Wagner para a sua sucess\u00e3o em 2014.<\/p>\n<p><strong><em>Da Reda\u00e7\u00e3o<\/em><\/strong><\/p>\n","protected":false},"excerpt":{"rendered":"<p>Favorito da c\u00fapula petista, Marcos Gabrielli teve as contas rejeitada pelo TCM &nbsp; ITAPETINGA: A c\u00fapula do PT baiano j\u00e1 definiu que o vereador Marcos Gabrielli ser\u00e1 mesmo o candidato a vice-prefeito na chapa encabe\u00e7ada por Z\u00e9 Carlos, nas elei\u00e7\u00f5es de outubro. Embora o alto escal\u00e3o petista considere Z\u00e9 Carlos como o pior dos prefeitos [&hellip;]<\/p>\n","protected":false},"author":2,"featured_media":0,"comment_status":"open","ping_status":"open","sticky":false,"template":"","format":"standard","meta":{"footnotes":"","_links_to":"","_links_to_target":""},"categories":[1],"tags":[],"class_list":["post-13278","post","type-post","status-publish","format-standard","hentry","category-geral"],"views":1361,"_links":{"self":[{"href":"https:\/\/www.sudoestehoje.com.br\/novoportal\/wp-json\/wp\/v2\/posts\/13278","targetHints":{"allow":["GET"]}}],"collection":[{"href":"https:\/\/www.sudoestehoje.com.br\/novoportal\/wp-json\/wp\/v2\/posts"}],"about":[{"href":"https:\/\/www.sudoestehoje.com.br\/novoportal\/wp-json\/wp\/v2\/types\/post"}],"author":[{"embeddable":true,"href":"https:\/\/www.sudoestehoje.com.br\/novoportal\/wp-json\/wp\/v2\/users\/2"}],"replies":[{"embeddable":true,"href":"https:\/\/www.sudoestehoje.com.br\/novoportal\/wp-json\/wp\/v2\/comments?post=13278"}],"version-history":[{"count":8,"href":"https:\/\/www.sudoestehoje.com.br\/novoportal\/wp-json\/wp\/v2\/posts\/13278\/revisions"}],"predecessor-version":[{"id":13326,"href":"https:\/\/www.sudoestehoje.com.br\/novoportal\/wp-json\/wp\/v2\/posts\/13278\/revisions\/13326"}],"wp:attachment":[{"href":"https:\/\/www.sudoestehoje.com.br\/novoportal\/wp-json\/wp\/v2\/media?parent=13278"}],"wp:term":[{"taxonomy":"category","embeddable":true,"href":"https:\/\/www.sudoestehoje.com.br\/novoportal\/wp-json\/wp\/v2\/categories?post=13278"},{"taxonomy":"post_tag","embeddable":true,"href":"https:\/\/www.sudoestehoje.com.br\/novoportal\/wp-json\/wp\/v2\/tags?post=13278"}],"curies":[{"name":"wp","href":"https:\/\/api.w.org\/{rel}","templated":true}]}}