
{"id":13274,"date":"2012-02-28T00:01:41","date_gmt":"2012-02-28T03:01:41","guid":{"rendered":"http:\/\/www.sudoestehoje.com.br\/novoportal\/?p=13274"},"modified":"2012-02-27T23:50:16","modified_gmt":"2012-02-28T02:50:16","slug":"mec-reajusta-piso-nacional-de-professores-em-2222","status":"publish","type":"post","link":"https:\/\/www.sudoestehoje.com.br\/novoportal\/2012\/02\/28\/mec-reajusta-piso-nacional-de-professores-em-2222\/","title":{"rendered":"MEC REAJUSTA PISO NACIONAL DE PROFESSORES EM 22,22%"},"content":{"rendered":"<p><img decoding=\"async\" class=\"aligncenter\" src=\"http:\/\/2.bp.blogspot.com\/-2t-HTbSbtu4\/TWfQbb8nx5I\/AAAAAAAAAi0\/wqDowxdnDeU\/s1600\/professor%252Bresponde.jpg\" alt=\"\" \/><\/p>\n<p>&nbsp;<\/p>\n<p>O Minist\u00e9rio da Educa\u00e7\u00e3o (MEC) divulgou, na tarde desta segunda-feira (27), que o piso salarial nacional dos professores ser\u00e1 reajustado em 22,22% e seu valor passa a ser de R$ 1,451 mil, como remunera\u00e7\u00e3o m\u00ednima do professor de n\u00edvel m\u00e9dio e jornada de 40h semanais. A decis\u00e3o \u00e9 retroativa a 1\u00ba de janeiro de 2012. Segundo o MEC, a corre\u00e7\u00e3o reflete a varia\u00e7\u00e3o ocorrida no valor anual m\u00ednimo por aluno, definido nacionalmente no Fundo de Manuten\u00e7\u00e3o e Desenvolvimento da Educa\u00e7\u00e3o B\u00e1sica e de Valoriza\u00e7\u00e3o dos Profissionais da Educa\u00e7\u00e3o (Fundeb) de 2011, em rela\u00e7\u00e3o ao valor de 2010. O piso aplicado em 2011 foi de R$ 1,187 mil, e em 2010, de R$ 1,024 mil. A aplica\u00e7\u00e3o do valor \u00e9 obrigat\u00f3ria para todos os estados e munic\u00edpios de acordo com a Lei Federal n\u00famero 11.738, de 16 de junho de 2008.<\/p>\n","protected":false},"excerpt":{"rendered":"<p>&nbsp; O Minist\u00e9rio da Educa\u00e7\u00e3o (MEC) divulgou, na tarde desta segunda-feira (27), que o piso salarial nacional dos professores ser\u00e1 reajustado em 22,22% e seu valor passa a ser de R$ 1,451 mil, como remunera\u00e7\u00e3o m\u00ednima do professor de n\u00edvel m\u00e9dio e jornada de 40h semanais. A decis\u00e3o \u00e9 retroativa a 1\u00ba de janeiro de [&hellip;]<\/p>\n","protected":false},"author":2,"featured_media":0,"comment_status":"open","ping_status":"open","sticky":false,"template":"","format":"standard","meta":{"footnotes":"","_links_to":"","_links_to_target":""},"categories":[1],"tags":[],"class_list":["post-13274","post","type-post","status-publish","format-standard","hentry","category-geral"],"views":1254,"_links":{"self":[{"href":"https:\/\/www.sudoestehoje.com.br\/novoportal\/wp-json\/wp\/v2\/posts\/13274","targetHints":{"allow":["GET"]}}],"collection":[{"href":"https:\/\/www.sudoestehoje.com.br\/novoportal\/wp-json\/wp\/v2\/posts"}],"about":[{"href":"https:\/\/www.sudoestehoje.com.br\/novoportal\/wp-json\/wp\/v2\/types\/post"}],"author":[{"embeddable":true,"href":"https:\/\/www.sudoestehoje.com.br\/novoportal\/wp-json\/wp\/v2\/users\/2"}],"replies":[{"embeddable":true,"href":"https:\/\/www.sudoestehoje.com.br\/novoportal\/wp-json\/wp\/v2\/comments?post=13274"}],"version-history":[{"count":3,"href":"https:\/\/www.sudoestehoje.com.br\/novoportal\/wp-json\/wp\/v2\/posts\/13274\/revisions"}],"predecessor-version":[{"id":13277,"href":"https:\/\/www.sudoestehoje.com.br\/novoportal\/wp-json\/wp\/v2\/posts\/13274\/revisions\/13277"}],"wp:attachment":[{"href":"https:\/\/www.sudoestehoje.com.br\/novoportal\/wp-json\/wp\/v2\/media?parent=13274"}],"wp:term":[{"taxonomy":"category","embeddable":true,"href":"https:\/\/www.sudoestehoje.com.br\/novoportal\/wp-json\/wp\/v2\/categories?post=13274"},{"taxonomy":"post_tag","embeddable":true,"href":"https:\/\/www.sudoestehoje.com.br\/novoportal\/wp-json\/wp\/v2\/tags?post=13274"}],"curies":[{"name":"wp","href":"https:\/\/api.w.org\/{rel}","templated":true}]}}