
{"id":1327,"date":"2010-10-19T08:07:00","date_gmt":"2010-10-19T11:07:00","guid":{"rendered":"http:\/\/www.sudoestehoje.com.br\/novoportal\/?p=1327"},"modified":"2010-10-19T08:07:00","modified_gmt":"2010-10-19T11:07:00","slug":"camelos-x-barracao","status":"publish","type":"post","link":"https:\/\/www.sudoestehoje.com.br\/novoportal\/2010\/10\/19\/camelos-x-barracao\/","title":{"rendered":"CAMEL\u00d4S X BARRAC\u00c3O"},"content":{"rendered":"<p style=\"text-align: center;\"><a id=\"apf8\" href=\"http:\/\/www.google.com.br\/imgres?imgurl=http:\/\/www.blogdoanderson.com\/v2\/wp-content\/uploads\/2010\/06\/DSC09869.jpg&amp;imgrefurl=http:\/\/www.blogdoanderson.com\/v2\/%3Ftag%3Dcamelos&amp;usg=__p4hhL09yvNh3gFs-jwyRKi8JGiQ=&amp;h=600&amp;w=800&amp;sz=259&amp;hl=pt-br&amp;start=9&amp;zoom=1&amp;um=1&amp;itbs=1&amp;tbnid=xAUr7bUE5FK_vM:&amp;tbnh=107&amp;tbnw=143&amp;prev=\/images%3Fq%3Dcamel%25C3%25B4s%2Bitapetinga%26um%3D1%26hl%3Dpt-br%26sa%3DN%26rlz%3D1R2SKPB_pt-BRBR354%26ndsp%3D20%26tbs%3Disch:1\"><img loading=\"lazy\" decoding=\"async\" id=\"ipfxAUr7bUE5FK_vM:\" class=\"aligncenter\" src=\"http:\/\/t3.gstatic.com\/images?q=tbn:xAUr7bUE5FK_vM:http:\/\/www.blogdoanderson.com\/v2\/wp-content\/uploads\/2010\/06\/DSC09869.jpg\" alt=\"\" width=\"143\" height=\"107\" \/><\/a><\/p>\n<p>Embora algumas pessoas tentem rebater as cr\u00edticas sobre a depreda\u00e7\u00e3o da Pra\u00e7a da B\u00edblia, alegando a quest\u00e3o\u00a0do desemprego e supostos &#8216;direitos&#8217; dos camel\u00f4s, uma coisa nada tem a ver com a outra. A depreda\u00e7\u00e3o do citado logradouro p\u00fablico \u00e9 vergonhosa e n\u00e3o pode ser justificada sob este pretexto, pois a atividade de camel\u00f4 em Itapetinga vem sendo exercida em todos os cantos do centro da cidade, menos naquele barrac\u00e3o esculhambado e cafona que o prefeito instalou na pra\u00e7a da B\u00edblia. \u00a0L\u00e1 s\u00f3 fica a vendedora de frutas.<\/p>\n","protected":false},"excerpt":{"rendered":"<p>Embora algumas pessoas tentem rebater as cr\u00edticas sobre a depreda\u00e7\u00e3o da Pra\u00e7a da B\u00edblia, alegando a quest\u00e3o\u00a0do desemprego e supostos &#8216;direitos&#8217; dos camel\u00f4s, uma coisa nada tem a ver com a outra. A depreda\u00e7\u00e3o do citado logradouro p\u00fablico \u00e9 vergonhosa e n\u00e3o pode ser justificada sob este pretexto, pois a atividade de camel\u00f4 em Itapetinga [&hellip;]<\/p>\n","protected":false},"author":2,"featured_media":0,"comment_status":"open","ping_status":"open","sticky":false,"template":"","format":"standard","meta":{"footnotes":"","_links_to":"","_links_to_target":""},"categories":[11],"tags":[],"class_list":["post-1327","post","type-post","status-publish","format-standard","hentry","category-quentinhas"],"views":1101,"_links":{"self":[{"href":"https:\/\/www.sudoestehoje.com.br\/novoportal\/wp-json\/wp\/v2\/posts\/1327","targetHints":{"allow":["GET"]}}],"collection":[{"href":"https:\/\/www.sudoestehoje.com.br\/novoportal\/wp-json\/wp\/v2\/posts"}],"about":[{"href":"https:\/\/www.sudoestehoje.com.br\/novoportal\/wp-json\/wp\/v2\/types\/post"}],"author":[{"embeddable":true,"href":"https:\/\/www.sudoestehoje.com.br\/novoportal\/wp-json\/wp\/v2\/users\/2"}],"replies":[{"embeddable":true,"href":"https:\/\/www.sudoestehoje.com.br\/novoportal\/wp-json\/wp\/v2\/comments?post=1327"}],"version-history":[{"count":2,"href":"https:\/\/www.sudoestehoje.com.br\/novoportal\/wp-json\/wp\/v2\/posts\/1327\/revisions"}],"predecessor-version":[{"id":1329,"href":"https:\/\/www.sudoestehoje.com.br\/novoportal\/wp-json\/wp\/v2\/posts\/1327\/revisions\/1329"}],"wp:attachment":[{"href":"https:\/\/www.sudoestehoje.com.br\/novoportal\/wp-json\/wp\/v2\/media?parent=1327"}],"wp:term":[{"taxonomy":"category","embeddable":true,"href":"https:\/\/www.sudoestehoje.com.br\/novoportal\/wp-json\/wp\/v2\/categories?post=1327"},{"taxonomy":"post_tag","embeddable":true,"href":"https:\/\/www.sudoestehoje.com.br\/novoportal\/wp-json\/wp\/v2\/tags?post=1327"}],"curies":[{"name":"wp","href":"https:\/\/api.w.org\/{rel}","templated":true}]}}