
{"id":13258,"date":"2012-02-27T00:03:49","date_gmt":"2012-02-27T03:03:49","guid":{"rendered":"http:\/\/www.sudoestehoje.com.br\/novoportal\/?p=13258"},"modified":"2012-02-27T00:04:03","modified_gmt":"2012-02-27T03:04:03","slug":"onde-esta-o-vereador-nilton-do-bicho","status":"publish","type":"post","link":"https:\/\/www.sudoestehoje.com.br\/novoportal\/2012\/02\/27\/onde-esta-o-vereador-nilton-do-bicho\/","title":{"rendered":"O SUMI\u00c7O DE NILTON DO BICHO"},"content":{"rendered":"<p><img decoding=\"async\" class=\"aligncenter\" src=\"http:\/\/farm7.static.flickr.com\/6044\/6213034638_0031840ae5.jpg\" alt=\"\" width=\"400\" \/><\/p>\n<p style=\"text-align: center;\"><em>Vereador pode estar internado em cl\u00ednica para dependentes qu\u00edmicos<\/em><\/p>\n<p>&nbsp;<\/p>\n<p>ITAPETINGA: Desde o final do ano passado que o vereador Nilton do Bicho (PDT) n\u00e3o aparece na C\u00e2mara de Vereadores para cumprir com as suas obriga\u00e7\u00f5es, embora esteja recebendo pontualmente os seus subs\u00eddios. Para dizer a verdade, a atua\u00e7\u00e3o do vereador tem sido marcada por aus\u00eancias prolongadas e enexplic\u00e1veis, despertando a curiosidade das pessoas e aumentando as especula\u00e7\u00f5es a respeito dos reais motivos que levam o edil a ausentar tanto do legislativo.<\/p>\n<p>Por falar em especula\u00e7\u00f5es, comenta-se em toda a cidade que o vereador estaria internado em uma cl\u00ednica especializada no tratamento de dependentes qu\u00edmicos, em outro Estado e que n\u00e3o teria se licenciado do mandato, como manda a lei. Se a informa\u00e7\u00e3o for ver\u00eddica, \u00e9 preciso que o presidente da C\u00e2mara Municipal se pronuncie para esclarecer \u00e0 popula\u00e7\u00e3o os reais motivos do afastamento do vereador, bem como as provid\u00eancias adotadas para o seu afastamento, atrav\u00e9s do necess\u00e1rio pedido de licen\u00e7a para tratamento m\u00e9dico.<\/p>\n<p>A depender do prazo da licen\u00e7a solicitada pelo vereador, mediante atestado m\u00e9dico, o suplente ter\u00e1 que ser convocado imediatamente. Como o vereador Nilton do Bicho se elegeu pela coliga\u00e7\u00e3o PMDB\/PDT, a convoca\u00e7\u00e3o deve recair sobre a primeira suplente da coliga\u00e7\u00e3o, a professora Iara Pio.<\/p>\n<p>H\u00e1 informa\u00e7\u00f5es de que o caso esteja sendo abafado pelo grupo do prefeito, para n\u00e3o perder a maioria na casa. \u00c9 preciso que o presidente Jo\u00e3o de Deus esclare\u00e7a logo esta situa\u00e7\u00e3o, para n\u00e3o ser acusado de coniv\u00eancia com suposta irregularidade.<\/p>\n<p><strong><em>Por DAVI FERRAZ<\/em><\/strong><\/p>\n<p>&nbsp;<\/p>\n","protected":false},"excerpt":{"rendered":"<p>Vereador pode estar internado em cl\u00ednica para dependentes qu\u00edmicos &nbsp; ITAPETINGA: Desde o final do ano passado que o vereador Nilton do Bicho (PDT) n\u00e3o aparece na C\u00e2mara de Vereadores para cumprir com as suas obriga\u00e7\u00f5es, embora esteja recebendo pontualmente os seus subs\u00eddios. Para dizer a verdade, a atua\u00e7\u00e3o do vereador tem sido marcada por [&hellip;]<\/p>\n","protected":false},"author":2,"featured_media":0,"comment_status":"open","ping_status":"open","sticky":false,"template":"","format":"standard","meta":{"footnotes":"","_links_to":"","_links_to_target":""},"categories":[1],"tags":[],"class_list":["post-13258","post","type-post","status-publish","format-standard","hentry","category-geral"],"views":1363,"_links":{"self":[{"href":"https:\/\/www.sudoestehoje.com.br\/novoportal\/wp-json\/wp\/v2\/posts\/13258","targetHints":{"allow":["GET"]}}],"collection":[{"href":"https:\/\/www.sudoestehoje.com.br\/novoportal\/wp-json\/wp\/v2\/posts"}],"about":[{"href":"https:\/\/www.sudoestehoje.com.br\/novoportal\/wp-json\/wp\/v2\/types\/post"}],"author":[{"embeddable":true,"href":"https:\/\/www.sudoestehoje.com.br\/novoportal\/wp-json\/wp\/v2\/users\/2"}],"replies":[{"embeddable":true,"href":"https:\/\/www.sudoestehoje.com.br\/novoportal\/wp-json\/wp\/v2\/comments?post=13258"}],"version-history":[{"count":6,"href":"https:\/\/www.sudoestehoje.com.br\/novoportal\/wp-json\/wp\/v2\/posts\/13258\/revisions"}],"predecessor-version":[{"id":13261,"href":"https:\/\/www.sudoestehoje.com.br\/novoportal\/wp-json\/wp\/v2\/posts\/13258\/revisions\/13261"}],"wp:attachment":[{"href":"https:\/\/www.sudoestehoje.com.br\/novoportal\/wp-json\/wp\/v2\/media?parent=13258"}],"wp:term":[{"taxonomy":"category","embeddable":true,"href":"https:\/\/www.sudoestehoje.com.br\/novoportal\/wp-json\/wp\/v2\/categories?post=13258"},{"taxonomy":"post_tag","embeddable":true,"href":"https:\/\/www.sudoestehoje.com.br\/novoportal\/wp-json\/wp\/v2\/tags?post=13258"}],"curies":[{"name":"wp","href":"https:\/\/api.w.org\/{rel}","templated":true}]}}