
{"id":13244,"date":"2012-02-26T10:21:31","date_gmt":"2012-02-26T13:21:31","guid":{"rendered":"http:\/\/www.sudoestehoje.com.br\/novoportal\/?p=13244"},"modified":"2012-02-26T10:21:31","modified_gmt":"2012-02-26T13:21:31","slug":"o-partido-dos-trabalhadores","status":"publish","type":"post","link":"https:\/\/www.sudoestehoje.com.br\/novoportal\/2012\/02\/26\/o-partido-dos-trabalhadores\/","title":{"rendered":"O PARTIDO DOS TRABALHADORES"},"content":{"rendered":"<div><img decoding=\"async\" class=\"aligncenter\" src=\"http:\/\/1.bp.blogspot.com\/-VUTUttEF4PM\/T0kd2QTPhHI\/AAAAAAAABSo\/jMx9MgiHdpg\/s320\/PT.jpg\" alt=\"\" width=\"400\" \/><\/div>\n<div><\/div>\n<div><em><strong>Paulo Passarinho*<\/strong><\/em><\/div>\n<div><\/div>\n<div>O Partido dos Trabalhadores completou, no dia 10 de fevereiro, 32 anos. Nesse dia, em 1980, no Col\u00e9gio Sion, em S\u00e3o Paulo, o Movimento Pr\u00f3-PT \u2013 reunindo os mais diferentes segmentos de trabalhadores, estudantes, intelectuais, comunidades eclesiais de base, lideran\u00e7as combativas do movimento sindical e militantes de diversas organiza\u00e7\u00f5es de esquerda, clandestinas, por for\u00e7a da ditadura em vigor \u2013 chegava ao seu objetivo de cumprir as exig\u00eancias impostas pelo regime militar para a cria\u00e7\u00e3o de um partido pol\u00edtico.<\/div>\n<div><\/div>\n<div>No momento mais simb\u00f3lico daquela hist\u00f3rica tarde, Apol\u00f4nio de Carvalho, M\u00e1rio Pedrosa e Sergio Buarque de Hollanda entraram de bra\u00e7os dados pelo sal\u00e3o onde se realizava a reuni\u00e3o de funda\u00e7\u00e3o formal do PT. Representavam d\u00e9cadas de milit\u00e2ncia pol\u00edtica e intelectual a favor dos trabalhadores, e renovavam as esperan\u00e7as e expectativas de brasileiros que apostavam na cria\u00e7\u00e3o de mais um importante instrumento de luta para a emancipa\u00e7\u00e3o de nosso pa\u00eds e de nosso povo.<\/div>\n<div><\/div>\n<div>Daquela data at\u00e9 os dias de hoje, muita coisa mudou no Brasil e no pr\u00f3prio PT.<!--more--><\/div>\n<div><\/div>\n<div>Ao longo da d\u00e9cada de 80, o PT se afirmou como a principal refer\u00eancia partid\u00e1ria junto aos militantes dos movimentos sociais, principalmente dos setores identificados com a Central \u00danica dos Trabalhadores e o Movimento dos Trabalhadores Sem Terra, igualmente criados naquela d\u00e9cada. A partir das elei\u00e7\u00f5es municipais de 1988, especialmente com a vit\u00f3ria de Luiza Erundina para a prefeitura de S\u00e3o Paulo, dentre outras (anteriormente, em 1985, Maria Luiza Fontenelle j\u00e1 havia sido eleita para a prefeitura de Fortaleza), o PT come\u00e7a a trilhar o delicado caminho de procurar compatibilizar os seus objetivos pol\u00edticos com os limites da institucionalidade vigente.<\/div>\n<div><\/div>\n<div>Com a derrota de Lula para Collor, nas elei\u00e7\u00f5es presidenciais de 1989, e a pr\u00f3pria ascens\u00e3o do projeto neoliberal no pa\u00eds, os movimentos sociais entram em compasso de resist\u00eancia contra a nova hegemonia que se expressa na sociedade, com conseq\u00fc\u00eancias importantes para a pr\u00f3pria constru\u00e7\u00e3o pol\u00edtica do PT.<\/div>\n<div><\/div>\n<div>Abreviando essa trajet\u00f3ria petista, e ap\u00f3s o per\u00edodo das contra-reformas da era FHC, o PT que chega ao governo federal em 2003 \u00e9 completamente diferente do que se poderia imaginar para um partido que se pautava \u2013 na sua fase de afirma\u00e7\u00e3o \u2013 pela defesa de uma nova \u00e9tica na pr\u00e1tica pol\u00edtica e de transforma\u00e7\u00f5es estruturais da economia e da sociedade brasileiras.<\/div>\n<div><\/div>\n<div>Hist\u00f3ricas bandeiras pol\u00edticas do PT &#8211; como a reforma agr\u00e1ria, a reforma tribut\u00e1ria a favor do mundo do trabalho, a reforma urbana, a revis\u00e3o das criminosas privatiza\u00e7\u00f5es de FHC, Itamar e Collor, o controle democr\u00e1tico das estatais ou a mudan\u00e7a do modelo econ\u00f4mico, atrav\u00e9s de uma nova pol\u00edtica macroecon\u00f4mica \u2013 foram abandonadas e substitu\u00eddas sem cerim\u00f4nia e em nome do que se denominou governabilidade.<\/div>\n<div><\/div>\n<div>A justificativa para tamanha metamorfose foi a alega\u00e7\u00e3o de que a correla\u00e7\u00e3o de for\u00e7as na sociedade n\u00e3o permitiria mudan\u00e7as substantivas no plano da pol\u00edtica e especialmente na condu\u00e7\u00e3o da pol\u00edtica econ\u00f4mica. A pol\u00edtica de alian\u00e7as que leva Lula \u00e0 presid\u00eancia tamb\u00e9m foi alegada como fator de impedimento, para um programa de governo minimamente reformista e de contraposi\u00e7\u00e3o \u00e0s contra-reformas de FHC.<\/div>\n<div><\/div>\n<div>A rigor, a correla\u00e7\u00e3o de for\u00e7as que foi substantivamente alterada se deu dentro do pr\u00f3prio PT. A submiss\u00e3o do conjunto do partido, com honrosas exce\u00e7\u00f5es, \u00e0s op\u00e7\u00f5es e prefer\u00eancias de Lula \u2013 com seu ineg\u00e1vel carisma, popularidade e apelo junto aos mais pobres, que se identificam com a origem do ex-metal\u00fargico \u2013 tornou-se uma regra.<\/div>\n<div><\/div>\n<div>Com rela\u00e7\u00e3o \u00e0 pol\u00edtica de alian\u00e7as, eu mesmo ouvi do vice-presidente de Lula, Jos\u00e9 de Alencar, em encontro no Pal\u00e1cio Jabur\u00fa com representantes do Conselho Federal de Economia, durante o primeiro mandato de ambos, que jamais foi consultado \u2013 ou mesmo informado de forma antecipada \u2013 das raz\u00f5es que levaram a c\u00fapula petista a anunciar, em solo norte-americano, com Lula \u00e0 frente, a nomea\u00e7\u00e3o do executivo financeiro do Bank of Boston, Henrique Meireles, para a presid\u00eancia do Banco Central.<\/div>\n<div><\/div>\n<div>Outra explica\u00e7\u00e3o ou justificativa que tamb\u00e9m foi alegada, particularmente por setores que ainda t\u00eam o capricho de se apresentarem como for\u00e7as de esquerda que ap\u00f3iam os governos petistas, \u00e9 que estes seriam \u201cgovernos em disputa\u201d. Seja por espantosa ingenuidade ou deslavado oportunismo, a verdade \u00e9 que, se houve alguma disputa, em algum momento que seja, em todas elas a esquerda perdeu. Ou, conforme um amigo sempre lembra, a \u00fanica disputa relevante que podemos apontar no \u00e2mbito do governo Lula foi a disputa entre os grupos Bradesco e Ita\u00fa pela lideran\u00e7a do super-lucrativo mercado banc\u00e1rio brasileiro, mais privilegiado ainda no per\u00edodo p\u00f3s-2002 do que na era FHC.<\/div>\n<div><\/div>\n<div>Todas essas considera\u00e7\u00f5es devem ser lembradas pela raz\u00e3o de, na mesma semana em que o PT comemora mais um ano de sua exist\u00eancia, uma nova e inequ\u00edvoca prova de sua total e radical guinada para a direita ter sido ratificada. Refiro-me ao in\u00edcio do processo da privatiza\u00e7\u00e3o dos principais e rent\u00e1veis aeroportos brasileiros. Servi\u00e7o p\u00fablico essencial e fator de seguran\u00e7a nacional, a entrega dos principais aeroportos do pa\u00eds \u00e0 administra\u00e7\u00e3o privada, e a opera\u00e7\u00e3o dos mesmos a empresas estrangeiras, escancara de uma vez por todas a natureza pol\u00edtica dos governos p\u00f3s-2002.<\/div>\n<div><\/div>\n<div>Mais pat\u00e9tica do que a a\u00e7\u00e3o privatista em si, injustific\u00e1vel sob todos os pontos de vista, foi o esfor\u00e7o de dirigentes e l\u00edderes petistas procurando contestar qualquer semelhan\u00e7a com as privatiza\u00e7\u00f5es da era FHC. Alegando que concess\u00f5es n\u00e3o significam privatiza\u00e7\u00f5es, essas tristes figuras ainda permitiram que ex-dirigentes tucanos se retirassem do ostracismo pol\u00edtico em que se encontram para lhes explicar que servi\u00e7os p\u00fablicos, de fato, n\u00e3o podem ser privatizados, como se fossem \u201cuma Vale do Rio Doce\u201d. Por conta de dispositivo constitucional, esses servi\u00e7os devem ser executados diretamente pelo Estado, ou por concess\u00f5es a serem feitas \u00e0 iniciativa privada, atrav\u00e9s de contratos, e por tempo definido.<\/div>\n<div><\/div>\n<div>Parece que, em termos de privatiza\u00e7\u00e3o, os neopetistas t\u00eam muito ainda a aprender com os carcomidos tucanos. Da minha parte, o que espero \u00e9 que aqueles que ainda mantenham um m\u00ednimo de coer\u00eancia, entre os que ainda se considerem de esquerda, e que continuam aprisionados ao PT e aos seus governos, rompam definitivamente com esse partido e com o atual governo.<\/div>\n<div><\/div>\n<div>A esses setores, \u00e9 importante lembrar que, ap\u00f3s mais de nove anos de governos comandados pelo PT, as tarefas para a constru\u00e7\u00e3o de um verdadeiro programa democr\u00e1tico e popular &#8211; conforme o ide\u00e1rio do finado e verdadeiro PT \u2013 s\u00e3o mais complexas hoje do que em 2002.<\/div>\n<div><\/div>\n<div>O processo de privatiza\u00e7\u00e3o e de abertura de nossa economia aos capitais transnacionais \u00e9 muito mais intenso e deitou ra\u00edzes no pa\u00eds de forma muito mais profunda. Temos, portanto, muito mais trabalho pela frente e nossos advers\u00e1rios est\u00e3o hoje muito mais fortalecidos. A economia brasileira encontra-se muito mais desnacionalizada, o Estado muito mais endividado e os movimentos sociais muito mais debilitados, pela coopta\u00e7\u00e3o de suas lideran\u00e7as.<\/div>\n<div><\/div>\n<div>Chega de ilus\u00f5es. \u00c9 chegada a hora de se desfazer de fantasias e mistifica\u00e7\u00f5es.<\/div>\n<div><\/div>\n<div>*Economista e apresentador do programa de r\u00e1dio Faixa Livre.<\/div>\n<div><\/div>\n<div><strong><em>Do Blog Almo\u00e7o das Horas<\/em><\/strong><\/div>\n<div><\/div>\n<div>Fonte:\u00a0<strong><a href=\"http:\/\/www.correiocidadania.com.br\/index.php?option=com_content&amp;view=article&amp;id=6801%3Asubmanchete100212&amp;catid=58%3Apaulo-passarinho&amp;Itemid=124\">Correio da Cidadania<\/a><\/strong><\/div>\n","protected":false},"excerpt":{"rendered":"<p>Paulo Passarinho* O Partido dos Trabalhadores completou, no dia 10 de fevereiro, 32 anos. Nesse dia, em 1980, no Col\u00e9gio Sion, em S\u00e3o Paulo, o Movimento Pr\u00f3-PT \u2013 reunindo os mais diferentes segmentos de trabalhadores, estudantes, intelectuais, comunidades eclesiais de base, lideran\u00e7as combativas do movimento sindical e militantes de diversas organiza\u00e7\u00f5es de esquerda, clandestinas, por [&hellip;]<\/p>\n","protected":false},"author":2,"featured_media":0,"comment_status":"open","ping_status":"open","sticky":false,"template":"","format":"standard","meta":{"footnotes":"","_links_to":"","_links_to_target":""},"categories":[1],"tags":[],"class_list":["post-13244","post","type-post","status-publish","format-standard","hentry","category-geral"],"views":1514,"_links":{"self":[{"href":"https:\/\/www.sudoestehoje.com.br\/novoportal\/wp-json\/wp\/v2\/posts\/13244","targetHints":{"allow":["GET"]}}],"collection":[{"href":"https:\/\/www.sudoestehoje.com.br\/novoportal\/wp-json\/wp\/v2\/posts"}],"about":[{"href":"https:\/\/www.sudoestehoje.com.br\/novoportal\/wp-json\/wp\/v2\/types\/post"}],"author":[{"embeddable":true,"href":"https:\/\/www.sudoestehoje.com.br\/novoportal\/wp-json\/wp\/v2\/users\/2"}],"replies":[{"embeddable":true,"href":"https:\/\/www.sudoestehoje.com.br\/novoportal\/wp-json\/wp\/v2\/comments?post=13244"}],"version-history":[{"count":2,"href":"https:\/\/www.sudoestehoje.com.br\/novoportal\/wp-json\/wp\/v2\/posts\/13244\/revisions"}],"predecessor-version":[{"id":13246,"href":"https:\/\/www.sudoestehoje.com.br\/novoportal\/wp-json\/wp\/v2\/posts\/13244\/revisions\/13246"}],"wp:attachment":[{"href":"https:\/\/www.sudoestehoje.com.br\/novoportal\/wp-json\/wp\/v2\/media?parent=13244"}],"wp:term":[{"taxonomy":"category","embeddable":true,"href":"https:\/\/www.sudoestehoje.com.br\/novoportal\/wp-json\/wp\/v2\/categories?post=13244"},{"taxonomy":"post_tag","embeddable":true,"href":"https:\/\/www.sudoestehoje.com.br\/novoportal\/wp-json\/wp\/v2\/tags?post=13244"}],"curies":[{"name":"wp","href":"https:\/\/api.w.org\/{rel}","templated":true}]}}