
{"id":13236,"date":"2012-02-25T21:56:25","date_gmt":"2012-02-26T00:56:25","guid":{"rendered":"http:\/\/www.sudoestehoje.com.br\/novoportal\/?p=13236"},"modified":"2012-02-25T21:56:25","modified_gmt":"2012-02-26T00:56:25","slug":"porto-seguro-juiza-e-agredida-por-promotor-durante-festa","status":"publish","type":"post","link":"https:\/\/www.sudoestehoje.com.br\/novoportal\/2012\/02\/25\/porto-seguro-juiza-e-agredida-por-promotor-durante-festa\/","title":{"rendered":"PORTO SEGURO: JU\u00cdZA \u00c9 AGREDIDA POR PROMOTOR DURANTE FESTA"},"content":{"rendered":"<p><img decoding=\"async\" class=\"aligncenter\" src=\"http:\/\/www.sulbahianews.com.br\/userfiles\/image\/2012\/fevereiro%202012\/promotor.jpg\" alt=\"\" width=\"400\" \/><\/p>\n<p style=\"text-align: center;\"><em>A ju\u00edza N\u00e9mora dos Santos prestou queixa contra o promotor Dioneles Santana<\/em><\/p>\n<p>&nbsp;<\/p>\n<p>PORTO SEGURO: A ju\u00edza titular da Comarca de Caravelas, N\u00e9mora de Lima Jannsen dos Santos, foi agredida pelo promotor do Minist\u00e9rio P\u00fablico de Porto Seguro, Dioneles Santana, por volta da 1:30mim da madrugada de sexta-feira 24 de fevereiro, no camarote do Carnaporto, Carnaval prolongado particular em Porto Seguro.<\/p>\n<p>Segundo o Boletim de Ocorr\u00eancias (BO), registrado na manh\u00e3 desta sexta-feira, na Delegacia de Prote\u00e7\u00e3o ao Turista de Porto Seguro (Deltur), a ju\u00edza \u201dse encontrava no camarote da Arena Ax\u00e9 Moi na companhia do seu namorado, o Sr. Leonardo Wishart (advogado), quando, de repente, sem motivo aparente, foi atacada pelas costas e agredida fisicamente, com chutes na cabe\u00e7a e restante do corpo, de forma violenta e descontrolada, pelo promotor de Justi\u00e7a, Dr. Diolenes Leones Santana Filho, causando-lhe les\u00f5es corporais, sendo socorrida pelo namorado citado, que entrou em luta corporal com o referido promotor de Justi\u00e7a, saindo, tamb\u00e9m, lesionado por ter sido agredido com socos pelo promotor que, enfurecido, agredia, cuja inten\u00e7\u00e3o era de matar a comunicante (a ju\u00edza N\u00e9mora)\u201d.<\/p>\n<p>N\u00e9mora j\u00e1 atuou na como ju\u00edza substituta da Comarca de Porto Seguro.<\/p>\n<p>O jornal O Sollo tentou entrar em contado com o promotor Dioneles, mas n\u00e3o obteve sucesso. Deixamos aberto o espa\u00e7o caso o promotor queira se manifestar.<\/p>\n<p><strong>Nota da AMAB<\/strong><\/p>\n<p>A Associa\u00e7\u00e3o dos Magistrados da Bahia (Amab) lamentou o epis\u00f3dio que envolveu a ju\u00edza N\u00e9mora de Lima Jannsen dos Santos, da comarca de Caravelas. De acordo com o vice-presidente da Amab, Freddy Pitta Lima, a entidade dar\u00e1 todo o apoio necess\u00e1rio, incluindo assessoria jur\u00eddica para a magistrada. A Assessoria Jur\u00eddica da Amab est\u00e1 levantando as informa\u00e7\u00f5es sobre o caso para analisar e tomar as medidas cab\u00edveis.<\/p>\n","protected":false},"excerpt":{"rendered":"<p>A ju\u00edza N\u00e9mora dos Santos prestou queixa contra o promotor Dioneles Santana &nbsp; PORTO SEGURO: A ju\u00edza titular da Comarca de Caravelas, N\u00e9mora de Lima Jannsen dos Santos, foi agredida pelo promotor do Minist\u00e9rio P\u00fablico de Porto Seguro, Dioneles Santana, por volta da 1:30mim da madrugada de sexta-feira 24 de fevereiro, no camarote do Carnaporto, [&hellip;]<\/p>\n","protected":false},"author":2,"featured_media":0,"comment_status":"open","ping_status":"open","sticky":false,"template":"","format":"standard","meta":{"footnotes":"","_links_to":"","_links_to_target":""},"categories":[1],"tags":[],"class_list":["post-13236","post","type-post","status-publish","format-standard","hentry","category-geral"],"views":1270,"_links":{"self":[{"href":"https:\/\/www.sudoestehoje.com.br\/novoportal\/wp-json\/wp\/v2\/posts\/13236","targetHints":{"allow":["GET"]}}],"collection":[{"href":"https:\/\/www.sudoestehoje.com.br\/novoportal\/wp-json\/wp\/v2\/posts"}],"about":[{"href":"https:\/\/www.sudoestehoje.com.br\/novoportal\/wp-json\/wp\/v2\/types\/post"}],"author":[{"embeddable":true,"href":"https:\/\/www.sudoestehoje.com.br\/novoportal\/wp-json\/wp\/v2\/users\/2"}],"replies":[{"embeddable":true,"href":"https:\/\/www.sudoestehoje.com.br\/novoportal\/wp-json\/wp\/v2\/comments?post=13236"}],"version-history":[{"count":3,"href":"https:\/\/www.sudoestehoje.com.br\/novoportal\/wp-json\/wp\/v2\/posts\/13236\/revisions"}],"predecessor-version":[{"id":13239,"href":"https:\/\/www.sudoestehoje.com.br\/novoportal\/wp-json\/wp\/v2\/posts\/13236\/revisions\/13239"}],"wp:attachment":[{"href":"https:\/\/www.sudoestehoje.com.br\/novoportal\/wp-json\/wp\/v2\/media?parent=13236"}],"wp:term":[{"taxonomy":"category","embeddable":true,"href":"https:\/\/www.sudoestehoje.com.br\/novoportal\/wp-json\/wp\/v2\/categories?post=13236"},{"taxonomy":"post_tag","embeddable":true,"href":"https:\/\/www.sudoestehoje.com.br\/novoportal\/wp-json\/wp\/v2\/tags?post=13236"}],"curies":[{"name":"wp","href":"https:\/\/api.w.org\/{rel}","templated":true}]}}