
{"id":13221,"date":"2012-02-24T19:19:51","date_gmt":"2012-02-24T22:19:51","guid":{"rendered":"http:\/\/www.sudoestehoje.com.br\/novoportal\/?p=13221"},"modified":"2012-02-24T19:19:51","modified_gmt":"2012-02-24T22:19:51","slug":"gama-sobrinho-vai-assumir-coordenacao-dos-distritos","status":"publish","type":"post","link":"https:\/\/www.sudoestehoje.com.br\/novoportal\/2012\/02\/24\/gama-sobrinho-vai-assumir-coordenacao-dos-distritos\/","title":{"rendered":"GAMA SOBRINHO VAI ASSUMIR COORDENA\u00c7\u00c3O DOS DISTRITOS"},"content":{"rendered":"<p><img decoding=\"async\" class=\"aligncenter\" src=\"http:\/\/dimensaojornal.com.br\/wp-content\/uploads\/2011\/08\/ertrt.jpg\" alt=\"\" width=\"400\" \/><\/p>\n<p style=\"text-align: center;\"><em>Gama Sobrinho, durante sess\u00e3o tumultuada na c\u00e2mara de vereadores<\/em><\/p>\n<p>&nbsp;<\/p>\n<p>ITAPETINGA: O ex-vereador Gama Sobrinho, que iniciou na pol\u00edtica na Arena, passou pelo PMDB, PSD, PFL, PR e finalmente PDT, vai assumir um cargo de segundo escal\u00e3o na administra\u00e7\u00e3o petista do prefeito Z\u00e9 Carlos, a qualquer momento.<\/p>\n<p>Gama, que se alinhou ao grupo do prefeito, via Romildo Teixeira, desde que n\u00e3o conseguiu a sua reelei\u00e7\u00e3o para vereador, assume o cargo de Coordenador Distrital (ou algo semelhante), criado na \u00faltima reforma administrativa. Na sua nova fun\u00e7\u00e3o, Gama ter\u00e1 a responsabilidade de coordenar os trabalhos de Uoston de Palmares e Carlinhos de Bandeira, que ser\u00e3o seus subordinados.<\/p>\n<p>Nos \u00faltimos tr\u00eas anos, Gama Sobrinho foi assessor da deputada Virg\u00ednia Hagge e dos vereadores Jacy Almeida e Nilton do Bicho.<\/p>\n<p><strong><em>Da Reda\u00e7\u00e3o<\/em><\/strong><\/p>\n","protected":false},"excerpt":{"rendered":"<p>Gama Sobrinho, durante sess\u00e3o tumultuada na c\u00e2mara de vereadores &nbsp; ITAPETINGA: O ex-vereador Gama Sobrinho, que iniciou na pol\u00edtica na Arena, passou pelo PMDB, PSD, PFL, PR e finalmente PDT, vai assumir um cargo de segundo escal\u00e3o na administra\u00e7\u00e3o petista do prefeito Z\u00e9 Carlos, a qualquer momento. Gama, que se alinhou ao grupo do prefeito, [&hellip;]<\/p>\n","protected":false},"author":2,"featured_media":0,"comment_status":"open","ping_status":"open","sticky":false,"template":"","format":"standard","meta":{"footnotes":"","_links_to":"","_links_to_target":""},"categories":[1],"tags":[],"class_list":["post-13221","post","type-post","status-publish","format-standard","hentry","category-geral"],"views":1214,"_links":{"self":[{"href":"https:\/\/www.sudoestehoje.com.br\/novoportal\/wp-json\/wp\/v2\/posts\/13221","targetHints":{"allow":["GET"]}}],"collection":[{"href":"https:\/\/www.sudoestehoje.com.br\/novoportal\/wp-json\/wp\/v2\/posts"}],"about":[{"href":"https:\/\/www.sudoestehoje.com.br\/novoportal\/wp-json\/wp\/v2\/types\/post"}],"author":[{"embeddable":true,"href":"https:\/\/www.sudoestehoje.com.br\/novoportal\/wp-json\/wp\/v2\/users\/2"}],"replies":[{"embeddable":true,"href":"https:\/\/www.sudoestehoje.com.br\/novoportal\/wp-json\/wp\/v2\/comments?post=13221"}],"version-history":[{"count":2,"href":"https:\/\/www.sudoestehoje.com.br\/novoportal\/wp-json\/wp\/v2\/posts\/13221\/revisions"}],"predecessor-version":[{"id":13223,"href":"https:\/\/www.sudoestehoje.com.br\/novoportal\/wp-json\/wp\/v2\/posts\/13221\/revisions\/13223"}],"wp:attachment":[{"href":"https:\/\/www.sudoestehoje.com.br\/novoportal\/wp-json\/wp\/v2\/media?parent=13221"}],"wp:term":[{"taxonomy":"category","embeddable":true,"href":"https:\/\/www.sudoestehoje.com.br\/novoportal\/wp-json\/wp\/v2\/categories?post=13221"},{"taxonomy":"post_tag","embeddable":true,"href":"https:\/\/www.sudoestehoje.com.br\/novoportal\/wp-json\/wp\/v2\/tags?post=13221"}],"curies":[{"name":"wp","href":"https:\/\/api.w.org\/{rel}","templated":true}]}}