
{"id":13218,"date":"2012-02-24T12:33:15","date_gmt":"2012-02-24T15:33:15","guid":{"rendered":"http:\/\/www.sudoestehoje.com.br\/novoportal\/?p=13218"},"modified":"2012-02-24T12:33:15","modified_gmt":"2012-02-24T15:33:15","slug":"ilheus-angela-sousa-pre-candidata","status":"publish","type":"post","link":"https:\/\/www.sudoestehoje.com.br\/novoportal\/2012\/02\/24\/ilheus-angela-sousa-pre-candidata\/","title":{"rendered":"ILH\u00c9US: \u00c2NGELA SOUSA PR\u00c9-CANDIDATA"},"content":{"rendered":"<p><img decoding=\"async\" class=\"aligncenter\" src=\"http:\/\/www.bahianoticias.com.br\/fotos\/editor\/Image\/angela_sousa_sorri_foto-ilheus_amado.jpg\" alt=\"\" width=\"350\" \/><\/p>\n<p>&nbsp;<\/p>\n<p>ILH\u00c9US: O chefe de gabinete da deputada estadual \u00c2ngela Sousa (PSD), Frederico V\u00e9sper,\u00a0confirmou hoje (24) em entrevista ao radialista Luk Rei, na R\u00e1dio Santa Cruz, que a parlamentar ser\u00e1 mesmo candidata a prefeita de Ilh\u00e9us. Segundo V\u00e9sper, o vice-governador Otto Alencar, presidente estadual do PSD, estar\u00e1 em Ilh\u00e9us no pr\u00f3ximo dia 15 para selar o destino pol\u00edtico da deputada.<\/p>\n<p>Al\u00e9m da candidatura de \u00c2ngela, que dever\u00e1 travar uma guerra de foice com o ex-parceiro pol\u00edtico e hoje inimigo figadal Jabes Ribeiro (PP), V\u00e9sper\u00a0deixou escapar\u00a0que o vice-prefeito de Ilh\u00e9us, M\u00e1rio Alexandre, igualmente do PSD e filho da deputada, ser\u00e1 tamb\u00e9m candidato. No caso, \u00e0 C\u00e2mara de Vereadores.<\/p>\n<p>Agora falta apenas, como se diz,\u00a0combinar com o eleitor.<\/p>\n<p><em>PIMENTA<\/em><\/p>\n","protected":false},"excerpt":{"rendered":"<p>&nbsp; ILH\u00c9US: O chefe de gabinete da deputada estadual \u00c2ngela Sousa (PSD), Frederico V\u00e9sper,\u00a0confirmou hoje (24) em entrevista ao radialista Luk Rei, na R\u00e1dio Santa Cruz, que a parlamentar ser\u00e1 mesmo candidata a prefeita de Ilh\u00e9us. Segundo V\u00e9sper, o vice-governador Otto Alencar, presidente estadual do PSD, estar\u00e1 em Ilh\u00e9us no pr\u00f3ximo dia 15 para selar [&hellip;]<\/p>\n","protected":false},"author":2,"featured_media":0,"comment_status":"open","ping_status":"open","sticky":false,"template":"","format":"standard","meta":{"footnotes":"","_links_to":"","_links_to_target":""},"categories":[1],"tags":[],"class_list":["post-13218","post","type-post","status-publish","format-standard","hentry","category-geral"],"views":1312,"_links":{"self":[{"href":"https:\/\/www.sudoestehoje.com.br\/novoportal\/wp-json\/wp\/v2\/posts\/13218","targetHints":{"allow":["GET"]}}],"collection":[{"href":"https:\/\/www.sudoestehoje.com.br\/novoportal\/wp-json\/wp\/v2\/posts"}],"about":[{"href":"https:\/\/www.sudoestehoje.com.br\/novoportal\/wp-json\/wp\/v2\/types\/post"}],"author":[{"embeddable":true,"href":"https:\/\/www.sudoestehoje.com.br\/novoportal\/wp-json\/wp\/v2\/users\/2"}],"replies":[{"embeddable":true,"href":"https:\/\/www.sudoestehoje.com.br\/novoportal\/wp-json\/wp\/v2\/comments?post=13218"}],"version-history":[{"count":1,"href":"https:\/\/www.sudoestehoje.com.br\/novoportal\/wp-json\/wp\/v2\/posts\/13218\/revisions"}],"predecessor-version":[{"id":13219,"href":"https:\/\/www.sudoestehoje.com.br\/novoportal\/wp-json\/wp\/v2\/posts\/13218\/revisions\/13219"}],"wp:attachment":[{"href":"https:\/\/www.sudoestehoje.com.br\/novoportal\/wp-json\/wp\/v2\/media?parent=13218"}],"wp:term":[{"taxonomy":"category","embeddable":true,"href":"https:\/\/www.sudoestehoje.com.br\/novoportal\/wp-json\/wp\/v2\/categories?post=13218"},{"taxonomy":"post_tag","embeddable":true,"href":"https:\/\/www.sudoestehoje.com.br\/novoportal\/wp-json\/wp\/v2\/tags?post=13218"}],"curies":[{"name":"wp","href":"https:\/\/api.w.org\/{rel}","templated":true}]}}