
{"id":13212,"date":"2012-02-24T12:15:37","date_gmt":"2012-02-24T15:15:37","guid":{"rendered":"http:\/\/www.sudoestehoje.com.br\/novoportal\/?p=13212"},"modified":"2012-02-24T12:27:29","modified_gmt":"2012-02-24T15:27:29","slug":"criticas-ao-governo-no-pos-greve","status":"publish","type":"post","link":"https:\/\/www.sudoestehoje.com.br\/novoportal\/2012\/02\/24\/criticas-ao-governo-no-pos-greve\/","title":{"rendered":"O GOVERNO WAGNER NO P\u00d3S-GREVE"},"content":{"rendered":"<p><img decoding=\"async\" class=\"aligncenter\" src=\"http:\/\/www.stive.com.br\/blogpolicial\/img\/\/greve-pm-governador-jaques-wagner-070212-humor-politico.jpg\" alt=\"\" width=\"400\" \/><\/p>\n<p>A manuten\u00e7\u00e3o de 75 policiais militares baianos presos, em virtude de participa\u00e7\u00e3o destacada na greve, gera cr\u00edticas ao governo Wagner. Apontam-se incoer\u00eancias, como o fato de que 90% dos PMs detidos atuam no interior, quando a maior parte dos atos de vandalismo e \u201cterrorismo\u201d foram cometidos na capital do Estado.<\/p>\n<p>Em Itabuna, h\u00e1 seis policiais encarcerados. Em Jequi\u00e9, no sudoeste,\u00a0 s\u00e3o seis\u00a0soldados e dois sargentos com a liberdade cerceada, muito embora n\u00e3o tenham sido registrados dist\u00farbios na cidade durante a paralisa\u00e7\u00e3o.<\/p>\n<p>Um detalhe curioso \u00e9 que\u00a0 no sudoeste o governo petista mostra um lado diferente do que foi manifestado pela Secretaria de Cultura (Secult), que lan\u00e7ou edital de sele\u00e7\u00e3o prevendo pontos para quem fosse filiado a partido (depois cancelado). Em Jequi\u00e9, um dos presos, o soldado Roniclei, \u00e9 membro do diret\u00f3rio do PT.<\/p>\n<p>O jequieense Ary Carlos Nascimento, chefe de gabinete do deputado federal Luiz Arg\u00f4lo (PP), aponta inabilidade na gest\u00e3o do problema. Para ele, a a\u00e7\u00e3o do Estado no epis\u00f3dio da greve \u00e9 \u201ctr\u00f4pega\u201d e\u00a0se tenta criar \u201cum cen\u00e1rio de ca\u00e7a \u00e0s bruxas para esconder a incompet\u00eancia do governo no gerenciamento desta crise\u201d.<\/p>\n","protected":false},"excerpt":{"rendered":"<p>A manuten\u00e7\u00e3o de 75 policiais militares baianos presos, em virtude de participa\u00e7\u00e3o destacada na greve, gera cr\u00edticas ao governo Wagner. Apontam-se incoer\u00eancias, como o fato de que 90% dos PMs detidos atuam no interior, quando a maior parte dos atos de vandalismo e \u201cterrorismo\u201d foram cometidos na capital do Estado. Em Itabuna, h\u00e1 seis policiais [&hellip;]<\/p>\n","protected":false},"author":2,"featured_media":0,"comment_status":"open","ping_status":"open","sticky":false,"template":"","format":"standard","meta":{"footnotes":"","_links_to":"","_links_to_target":""},"categories":[1],"tags":[],"class_list":["post-13212","post","type-post","status-publish","format-standard","hentry","category-geral"],"views":1764,"_links":{"self":[{"href":"https:\/\/www.sudoestehoje.com.br\/novoportal\/wp-json\/wp\/v2\/posts\/13212","targetHints":{"allow":["GET"]}}],"collection":[{"href":"https:\/\/www.sudoestehoje.com.br\/novoportal\/wp-json\/wp\/v2\/posts"}],"about":[{"href":"https:\/\/www.sudoestehoje.com.br\/novoportal\/wp-json\/wp\/v2\/types\/post"}],"author":[{"embeddable":true,"href":"https:\/\/www.sudoestehoje.com.br\/novoportal\/wp-json\/wp\/v2\/users\/2"}],"replies":[{"embeddable":true,"href":"https:\/\/www.sudoestehoje.com.br\/novoportal\/wp-json\/wp\/v2\/comments?post=13212"}],"version-history":[{"count":4,"href":"https:\/\/www.sudoestehoje.com.br\/novoportal\/wp-json\/wp\/v2\/posts\/13212\/revisions"}],"predecessor-version":[{"id":13214,"href":"https:\/\/www.sudoestehoje.com.br\/novoportal\/wp-json\/wp\/v2\/posts\/13212\/revisions\/13214"}],"wp:attachment":[{"href":"https:\/\/www.sudoestehoje.com.br\/novoportal\/wp-json\/wp\/v2\/media?parent=13212"}],"wp:term":[{"taxonomy":"category","embeddable":true,"href":"https:\/\/www.sudoestehoje.com.br\/novoportal\/wp-json\/wp\/v2\/categories?post=13212"},{"taxonomy":"post_tag","embeddable":true,"href":"https:\/\/www.sudoestehoje.com.br\/novoportal\/wp-json\/wp\/v2\/tags?post=13212"}],"curies":[{"name":"wp","href":"https:\/\/api.w.org\/{rel}","templated":true}]}}