
{"id":13199,"date":"2012-02-23T22:02:03","date_gmt":"2012-02-24T01:02:03","guid":{"rendered":"http:\/\/www.sudoestehoje.com.br\/novoportal\/?p=13199"},"modified":"2012-02-23T22:05:07","modified_gmt":"2012-02-24T01:05:07","slug":"flamengo-deve-r7-milhoes-a-deivid","status":"publish","type":"post","link":"https:\/\/www.sudoestehoje.com.br\/novoportal\/2012\/02\/23\/flamengo-deve-r7-milhoes-a-deivid\/","title":{"rendered":"FLAMENGO DEVE R$7 MILH\u00d5ES A DEIVID"},"content":{"rendered":"<p><img decoding=\"async\" class=\"aligncenter\" src=\"http:\/\/s.glbimg.com\/es\/ge\/f\/620x390\/2012\/02\/22\/deivid-andreportugal-vip.jpg\" alt=\"\" width=\"400\" \/><\/p>\n<p style=\"text-align: center;\"><em>Artilheiro Deivid n\u00e3o v\u00ea sal\u00e1rio h\u00e1 quase 2 anos\u00a0<\/em><\/p>\n<p>&nbsp;<\/p>\n<p>Deivid marcou 21 gols pelo Flamengo em 2011 e se igualou a Thiago Neves e Ronaldinho Ga\u00facho como artilheiro do time na temporada. Mas neste momento os flamenguistas s\u00f3 conseguem lembrar dos gols que Deivid n\u00e3o marcou. O\u00a0<a href=\"http:\/\/veja.abril.com.br\/noticia\/esporte\/gol-perdido-por-deivid-repercute-mundialmente-e-vira-piada\" target=\"_self\">lance desta quarta-feira, na derrota por 2 a 1 para o Vasco virou piada internacional<\/a>, e deixou o jogador abatido. &#8220;N\u00e3o tenho motivo para me esconder. N\u00e3o sou jogador frouxo, covarde e ot\u00e1rio. Isso nunca vai me fazer pedir para sair do Flamengo&#8221;, disse Deivid, que n\u00e3o recebe direitos de imagem do clube h\u00e1 20 meses, totalizando cerca de 7 milh\u00f5es de reais.<\/p>\n<p>A amigos, ele confessou que n\u00e3o conseguiu explicar a falha. &#8220;Fui t\u00e3o convicto de que faria o gol que bati e sa\u00ed para comemorar. Naquela fra\u00e7\u00e3o de segundo, numa desaten\u00e7\u00e3o, acabou acontecendo. At\u00e9 meu filho, de cinco anos, faria&#8221;, disse o jogador. Deivid tem passagens por Santos, Corinthians, Cruzeiro e Fenerbah\u00e7e (Turquia).<\/p>\n<p>No ano passado, Deivid perdeu pelo menos tr\u00eas chances de gol consideradas de f\u00e1cil conclus\u00e3o claras. No jogo Santos 4 x 5 Flamengo, na Vila Belmiro, pelo Brasileiro, errou o dom\u00ednio com a bola quase sobre a linha.\u00a0Contra o Coritiba, no Engenh\u00e3o, viu a bola cair a seus p\u00e9s na segunda trave e finalizou para fora. Contra o Inter, no Beira-Rio, recebeu cruzamento de Ronaldinho, mergulhou sozinho, com o goleiro vencido, e cabeceou para fora.<\/p>\n<p><em>Ag\u00eancia Estado<\/em><\/p>\n","protected":false},"excerpt":{"rendered":"<p>Artilheiro Deivid n\u00e3o v\u00ea sal\u00e1rio h\u00e1 quase 2 anos\u00a0 &nbsp; Deivid marcou 21 gols pelo Flamengo em 2011 e se igualou a Thiago Neves e Ronaldinho Ga\u00facho como artilheiro do time na temporada. Mas neste momento os flamenguistas s\u00f3 conseguem lembrar dos gols que Deivid n\u00e3o marcou. O\u00a0lance desta quarta-feira, na derrota por 2 a [&hellip;]<\/p>\n","protected":false},"author":2,"featured_media":0,"comment_status":"open","ping_status":"open","sticky":false,"template":"","format":"standard","meta":{"footnotes":"","_links_to":"","_links_to_target":""},"categories":[1],"tags":[],"class_list":["post-13199","post","type-post","status-publish","format-standard","hentry","category-geral"],"views":1205,"_links":{"self":[{"href":"https:\/\/www.sudoestehoje.com.br\/novoportal\/wp-json\/wp\/v2\/posts\/13199","targetHints":{"allow":["GET"]}}],"collection":[{"href":"https:\/\/www.sudoestehoje.com.br\/novoportal\/wp-json\/wp\/v2\/posts"}],"about":[{"href":"https:\/\/www.sudoestehoje.com.br\/novoportal\/wp-json\/wp\/v2\/types\/post"}],"author":[{"embeddable":true,"href":"https:\/\/www.sudoestehoje.com.br\/novoportal\/wp-json\/wp\/v2\/users\/2"}],"replies":[{"embeddable":true,"href":"https:\/\/www.sudoestehoje.com.br\/novoportal\/wp-json\/wp\/v2\/comments?post=13199"}],"version-history":[{"count":6,"href":"https:\/\/www.sudoestehoje.com.br\/novoportal\/wp-json\/wp\/v2\/posts\/13199\/revisions"}],"predecessor-version":[{"id":13204,"href":"https:\/\/www.sudoestehoje.com.br\/novoportal\/wp-json\/wp\/v2\/posts\/13199\/revisions\/13204"}],"wp:attachment":[{"href":"https:\/\/www.sudoestehoje.com.br\/novoportal\/wp-json\/wp\/v2\/media?parent=13199"}],"wp:term":[{"taxonomy":"category","embeddable":true,"href":"https:\/\/www.sudoestehoje.com.br\/novoportal\/wp-json\/wp\/v2\/categories?post=13199"},{"taxonomy":"post_tag","embeddable":true,"href":"https:\/\/www.sudoestehoje.com.br\/novoportal\/wp-json\/wp\/v2\/tags?post=13199"}],"curies":[{"name":"wp","href":"https:\/\/api.w.org\/{rel}","templated":true}]}}