
{"id":13195,"date":"2012-02-23T19:17:56","date_gmt":"2012-02-23T22:17:56","guid":{"rendered":"http:\/\/www.sudoestehoje.com.br\/novoportal\/?p=13195"},"modified":"2012-02-23T19:17:56","modified_gmt":"2012-02-23T22:17:56","slug":"macarani-irma-e-tia-do-prefeito-carlinhos-morrem-em-acidente","status":"publish","type":"post","link":"https:\/\/www.sudoestehoje.com.br\/novoportal\/2012\/02\/23\/macarani-irma-e-tia-do-prefeito-carlinhos-morrem-em-acidente\/","title":{"rendered":"MACARANI: IRM\u00c3 E TIA DO PREFEITO CARLINHOS MORREM EM ACIDENTE"},"content":{"rendered":"<p><img decoding=\"async\" class=\"aligncenter\" src=\"http:\/\/www.blogdaresenhageral.com.br\/v1\/wp-content\/uploads\/Sem-T%C3%ADtulo-1119.jpg\" alt=\"\" width=\"350\" \/><\/p>\n<p style=\"text-align: center;\"><em>Ana L\u00facia era irm\u00e3 do prefeito Carlinhos<\/em><\/p>\n<p>&nbsp;<\/p>\n<p>MACARANI: Morreram na manh\u00e3 de ontem, Maria Bernadete de Almeida e Ana L\u00facia Macedo de Ara\u00fajo (foto), tia e irm\u00e3 do prefeito de Macarani, Antonio Carlos Macedo (Carlinhos), v\u00edtimas de acidente automobil\u00edstico ocorrido por volta das 05:30h da manh\u00e3 a 30 quil\u00f4metros de Teixeira de Freitas, no vilarejo de Posto da Mata.<\/p>\n<p>O ve\u00edculo Fiat Idea que era conduzido por Antonio Eraldo Vieira de Macedo (Dica), tio do prefeito, era ocupado tamb\u00e9m pela m\u00e3e de Carlinhos, Vanda Vieira e pela esposa do condutor, Rosetta Onofria Mac\u00eado e seguia de Nova Vi\u00e7osa, para Macarani quando em uma curva, o motorista perdeu o controle do ve\u00edculo, e despencou em uma ribanceira de aproximadamente 10 metros de altura.<!--more--><\/p>\n<p>Ana L\u00facia e Bernadete Almeida morreram na hora. A m\u00e3e do prefeito fraturou a clav\u00edcula, quebrou uma das pernas e uma forte pancada na cabe\u00e7a, j\u00e1 o motorista levou uma pancada na coluna, e ambos foram transferidos de avi\u00e3o para Salvador, onde passar\u00e3o por tratamento especializado. A quinta ocupante do ve\u00edculo nada sofreu.<\/p>\n<p>Os corpos das v\u00edtimas foram encaminhados para o Instituto M\u00e9dico Legal de Teixeira de Freitas para necropsia e foram liberados por volta das 15:00h, sendo trasladados para Macarani e Vitoria da Conquista, onde ser\u00e3o velados. O corpo de Ana L\u00facia seria velado na Igreja das Testemunhas de Jeov\u00e1, da qual era participante, mas por op\u00e7\u00e3o dos irm\u00e3os, o local acabou ficando mesmo na resid\u00eancia da fam\u00edlia.<\/p>\n<p>O prefeito Carlinhos se encontrava em Salvador, onde passou o carnaval e, ao saber do acidente, cancelou imediatamente a estadia e adotou provid\u00eancias de assist\u00eancia \u00e0s vitimas, enviando uma equipe ao local do acidente para levantar todas as informa\u00e7\u00f5es e d\u00e1 assist\u00eancia aos sobreviventes. De avi\u00e3o, o prefeito viajou para Teixeira, com escala em Itapetinga, onde deixou a esposa e filhas e desembarcou no local por volta das 14:30h.<\/p>\n<p>Segundo Andr\u00e9 Cordeiro, policial rodovi\u00e1rio federal, o acidente pode ter sido causado por imprud\u00eancia. Por n\u00e3o conhecer a regi\u00e3o, o motorista do ve\u00edculo se perdeu na curva, e acabou caindo na ribanceira.<\/p>\n<p><strong><em>Por Jota Santos &#8211; Ascom Macarani<\/em><\/strong><\/p>\n","protected":false},"excerpt":{"rendered":"<p>Ana L\u00facia era irm\u00e3 do prefeito Carlinhos &nbsp; MACARANI: Morreram na manh\u00e3 de ontem, Maria Bernadete de Almeida e Ana L\u00facia Macedo de Ara\u00fajo (foto), tia e irm\u00e3 do prefeito de Macarani, Antonio Carlos Macedo (Carlinhos), v\u00edtimas de acidente automobil\u00edstico ocorrido por volta das 05:30h da manh\u00e3 a 30 quil\u00f4metros de Teixeira de Freitas, no [&hellip;]<\/p>\n","protected":false},"author":2,"featured_media":0,"comment_status":"open","ping_status":"open","sticky":false,"template":"","format":"standard","meta":{"footnotes":"","_links_to":"","_links_to_target":""},"categories":[1],"tags":[],"class_list":["post-13195","post","type-post","status-publish","format-standard","hentry","category-geral"],"views":1228,"_links":{"self":[{"href":"https:\/\/www.sudoestehoje.com.br\/novoportal\/wp-json\/wp\/v2\/posts\/13195","targetHints":{"allow":["GET"]}}],"collection":[{"href":"https:\/\/www.sudoestehoje.com.br\/novoportal\/wp-json\/wp\/v2\/posts"}],"about":[{"href":"https:\/\/www.sudoestehoje.com.br\/novoportal\/wp-json\/wp\/v2\/types\/post"}],"author":[{"embeddable":true,"href":"https:\/\/www.sudoestehoje.com.br\/novoportal\/wp-json\/wp\/v2\/users\/2"}],"replies":[{"embeddable":true,"href":"https:\/\/www.sudoestehoje.com.br\/novoportal\/wp-json\/wp\/v2\/comments?post=13195"}],"version-history":[{"count":3,"href":"https:\/\/www.sudoestehoje.com.br\/novoportal\/wp-json\/wp\/v2\/posts\/13195\/revisions"}],"predecessor-version":[{"id":13198,"href":"https:\/\/www.sudoestehoje.com.br\/novoportal\/wp-json\/wp\/v2\/posts\/13195\/revisions\/13198"}],"wp:attachment":[{"href":"https:\/\/www.sudoestehoje.com.br\/novoportal\/wp-json\/wp\/v2\/media?parent=13195"}],"wp:term":[{"taxonomy":"category","embeddable":true,"href":"https:\/\/www.sudoestehoje.com.br\/novoportal\/wp-json\/wp\/v2\/categories?post=13195"},{"taxonomy":"post_tag","embeddable":true,"href":"https:\/\/www.sudoestehoje.com.br\/novoportal\/wp-json\/wp\/v2\/tags?post=13195"}],"curies":[{"name":"wp","href":"https:\/\/api.w.org\/{rel}","templated":true}]}}