
{"id":13190,"date":"2012-02-23T19:10:17","date_gmt":"2012-02-23T22:10:17","guid":{"rendered":"http:\/\/www.sudoestehoje.com.br\/novoportal\/?p=13190"},"modified":"2012-02-23T19:10:17","modified_gmt":"2012-02-23T22:10:17","slug":"aeroporto-de-conquista-nao-sai-do-papel-diz-otto","status":"publish","type":"post","link":"https:\/\/www.sudoestehoje.com.br\/novoportal\/2012\/02\/23\/aeroporto-de-conquista-nao-sai-do-papel-diz-otto\/","title":{"rendered":"&#8220;AEROPORTO DE CONQUISTA N\u00c3O SAI DO PAPEL&#8221;, DIZ OTTO"},"content":{"rendered":"<p><img decoding=\"async\" class=\"aligncenter\" src=\"http:\/\/www.blogdaresenhageral.com.br\/v1\/wp-content\/uploads\/6807582051_e67f714a73-300x200.jpg\" alt=\"\" width=\"400\" \/><\/p>\n<p style=\"text-align: center;\"><em>Para o vice-governador, novo aeroporto &#8216;\u00e9 um sonho de boteco&#8217;<\/em><\/p>\n<p>&nbsp;<\/p>\n<p>CONQUISTA: No programa Neg\u00f3cios e Oportunidades de hoje (quinta-feira), exibido pelas R\u00e1dios Clube FM e Cidade AM, o jornalista Daniel Silva falou sobre uma reuni\u00e3o que aconteceu em Salvador que contou com a participa\u00e7\u00e3o do presidente do Movimento Conquista Pode Voar Mais Alto, Jos\u00e9 Maria Caires; o deputado estadual Jean Fabr\u00edcio (PC do B) e o diretor geral da Faculdade Independente do Nordeste (FAINOR), Edgard Larry.<\/p>\n<p>Eles tiveram uma audi\u00eancia com o vice-governador da Bahia, Otto Alencar. O assunto em pauta: a constru\u00e7\u00e3o do novo aeroporto de Conquista. Segundo informa\u00e7\u00f5es divulgadas pelo jornalista Daniel Silva, Alencar, que tamb\u00e9m \u00e9 secret\u00e1rio estadual de infraestrutura, foi taxativo e informou que a obra \u2018n\u00e3o deve sair do papel\u2019.<\/p>\n<p>O vice-governador ainda disse que o novo aeroporto \u2018\u00e9 um sonho de boteco\u2019. O governador Jaques Wagner ainda n\u00e3o se pronunciou sobre o assunto.<\/p>\n<p><strong><em>Por Rodrigo Ferraz (Resenha Geral)<\/em><\/strong><\/p>\n","protected":false},"excerpt":{"rendered":"<p>Para o vice-governador, novo aeroporto &#8216;\u00e9 um sonho de boteco&#8217; &nbsp; CONQUISTA: No programa Neg\u00f3cios e Oportunidades de hoje (quinta-feira), exibido pelas R\u00e1dios Clube FM e Cidade AM, o jornalista Daniel Silva falou sobre uma reuni\u00e3o que aconteceu em Salvador que contou com a participa\u00e7\u00e3o do presidente do Movimento Conquista Pode Voar Mais Alto, Jos\u00e9 [&hellip;]<\/p>\n","protected":false},"author":2,"featured_media":0,"comment_status":"open","ping_status":"open","sticky":false,"template":"","format":"standard","meta":{"footnotes":"","_links_to":"","_links_to_target":""},"categories":[1],"tags":[],"class_list":["post-13190","post","type-post","status-publish","format-standard","hentry","category-geral"],"views":1152,"_links":{"self":[{"href":"https:\/\/www.sudoestehoje.com.br\/novoportal\/wp-json\/wp\/v2\/posts\/13190","targetHints":{"allow":["GET"]}}],"collection":[{"href":"https:\/\/www.sudoestehoje.com.br\/novoportal\/wp-json\/wp\/v2\/posts"}],"about":[{"href":"https:\/\/www.sudoestehoje.com.br\/novoportal\/wp-json\/wp\/v2\/types\/post"}],"author":[{"embeddable":true,"href":"https:\/\/www.sudoestehoje.com.br\/novoportal\/wp-json\/wp\/v2\/users\/2"}],"replies":[{"embeddable":true,"href":"https:\/\/www.sudoestehoje.com.br\/novoportal\/wp-json\/wp\/v2\/comments?post=13190"}],"version-history":[{"count":4,"href":"https:\/\/www.sudoestehoje.com.br\/novoportal\/wp-json\/wp\/v2\/posts\/13190\/revisions"}],"predecessor-version":[{"id":13194,"href":"https:\/\/www.sudoestehoje.com.br\/novoportal\/wp-json\/wp\/v2\/posts\/13190\/revisions\/13194"}],"wp:attachment":[{"href":"https:\/\/www.sudoestehoje.com.br\/novoportal\/wp-json\/wp\/v2\/media?parent=13190"}],"wp:term":[{"taxonomy":"category","embeddable":true,"href":"https:\/\/www.sudoestehoje.com.br\/novoportal\/wp-json\/wp\/v2\/categories?post=13190"},{"taxonomy":"post_tag","embeddable":true,"href":"https:\/\/www.sudoestehoje.com.br\/novoportal\/wp-json\/wp\/v2\/tags?post=13190"}],"curies":[{"name":"wp","href":"https:\/\/api.w.org\/{rel}","templated":true}]}}