
{"id":13154,"date":"2012-02-21T20:13:09","date_gmt":"2012-02-21T23:13:09","guid":{"rendered":"http:\/\/www.sudoestehoje.com.br\/novoportal\/?p=13154"},"modified":"2012-02-21T20:14:23","modified_gmt":"2012-02-21T23:14:23","slug":"vereador-de-jaguaquara-e-preso-por-desacato-a-autoridade","status":"publish","type":"post","link":"https:\/\/www.sudoestehoje.com.br\/novoportal\/2012\/02\/21\/vereador-de-jaguaquara-e-preso-por-desacato-a-autoridade\/","title":{"rendered":"VEREADOR DE JAGUAQUARA \u00c9 PRESO POR &#8216;DESACATO \u00c0 AUTORIDADE&#8217;"},"content":{"rendered":"<p style=\"text-align: center;\"><em>Foto: Blog Marcos Frahm<\/em><\/p>\n<p><img decoding=\"async\" class=\"aligncenter\" src=\"http:\/\/blogmarcosfrahm.com\/wp-content\/uploads\/2012\/02\/lindoval-vereador.jpg\" alt=\"\" width=\"400\" \/><\/p>\n<p style=\"text-align: center;\"><em>&#8220;Eles disseram que vereador n\u00e3o \u00e9 autoridade&#8221;, desabafou Lindomar<\/em><\/p>\n<p>&nbsp;<\/p>\n<p>JAGUAQUARA: Um vereador foi detido em Jaguaquara, a 336 km de Salvador, depois de tentar furar uma blitz com seu carro, uma F-1000. Segundo informa\u00e7\u00f5es da Pol\u00edcia Militar, o vereador Lindomar Muniz, do PP, tentou dar uma &#8220;carteirada&#8221; para passar pela fiscaliza\u00e7\u00e3o.<\/p>\n<p>Por conta da aus\u00eancia de um delegado na cidade, o vereador foi conduzido para Jequi\u00e9, onde foi ouvido pelo delegado Cl\u00e1udio Humberto e liberado, depois de ser autuado por desacato a autoridade.\u00a0O carro do vereador estaria com documenta\u00e7\u00e3o irregular.<\/p>\n<p>Tentando explicar\u00a0o motivo da ocorr\u00eancia,\u00a0\u00a0Lindoval considerou arbitr\u00e1ria a forma que foi tratado pelos policias<em>. \u201cEles n\u00e3o tem respeito, s\u00e3o agressivos, abusam do poder da farda, fui v\u00edtima de abuso de autoridade, sofri um soco na cabe\u00e7a, me algemaram e n\u00e3o adianta querer tapar o sol com a peneira e dizer que n\u00e3o me prenderam. Eu fui preso sim, cheguei \u00e0 delegacia de Jaguaquara algemado e o agente civil disse que n\u00e3o havia necessidade de me algemar. Fui levado para Jequi\u00e9 em uma viatura e escoltado por outra, com cerca de oito policiais me conduzindo como se eu fosse um vagabundo, mas sou um cidad\u00e3o de bem. Teve um policial que chegou a dizer que vereador n\u00e3o \u00e9 autoridade, levarei o caso \u00e0 justi\u00e7a, ao Minist\u00e9rio P\u00fablico e ao Comando Geral da Pol\u00edcia Militar, essa n\u00e3o \u00e9 a primeira vez e isso n\u00e3o pode continuar \u201d, <\/em>desabafou<em>. Informa\u00e7\u00f5es\u00a0<\/em><em>Blog Marcos Frahm<\/em><\/p>\n","protected":false},"excerpt":{"rendered":"<p>Foto: Blog Marcos Frahm &#8220;Eles disseram que vereador n\u00e3o \u00e9 autoridade&#8221;, desabafou Lindomar &nbsp; JAGUAQUARA: Um vereador foi detido em Jaguaquara, a 336 km de Salvador, depois de tentar furar uma blitz com seu carro, uma F-1000. Segundo informa\u00e7\u00f5es da Pol\u00edcia Militar, o vereador Lindomar Muniz, do PP, tentou dar uma &#8220;carteirada&#8221; para passar pela [&hellip;]<\/p>\n","protected":false},"author":2,"featured_media":0,"comment_status":"open","ping_status":"open","sticky":false,"template":"","format":"standard","meta":{"footnotes":"","_links_to":"","_links_to_target":""},"categories":[1],"tags":[],"class_list":["post-13154","post","type-post","status-publish","format-standard","hentry","category-geral"],"views":2775,"_links":{"self":[{"href":"https:\/\/www.sudoestehoje.com.br\/novoportal\/wp-json\/wp\/v2\/posts\/13154","targetHints":{"allow":["GET"]}}],"collection":[{"href":"https:\/\/www.sudoestehoje.com.br\/novoportal\/wp-json\/wp\/v2\/posts"}],"about":[{"href":"https:\/\/www.sudoestehoje.com.br\/novoportal\/wp-json\/wp\/v2\/types\/post"}],"author":[{"embeddable":true,"href":"https:\/\/www.sudoestehoje.com.br\/novoportal\/wp-json\/wp\/v2\/users\/2"}],"replies":[{"embeddable":true,"href":"https:\/\/www.sudoestehoje.com.br\/novoportal\/wp-json\/wp\/v2\/comments?post=13154"}],"version-history":[{"count":4,"href":"https:\/\/www.sudoestehoje.com.br\/novoportal\/wp-json\/wp\/v2\/posts\/13154\/revisions"}],"predecessor-version":[{"id":13158,"href":"https:\/\/www.sudoestehoje.com.br\/novoportal\/wp-json\/wp\/v2\/posts\/13154\/revisions\/13158"}],"wp:attachment":[{"href":"https:\/\/www.sudoestehoje.com.br\/novoportal\/wp-json\/wp\/v2\/media?parent=13154"}],"wp:term":[{"taxonomy":"category","embeddable":true,"href":"https:\/\/www.sudoestehoje.com.br\/novoportal\/wp-json\/wp\/v2\/categories?post=13154"},{"taxonomy":"post_tag","embeddable":true,"href":"https:\/\/www.sudoestehoje.com.br\/novoportal\/wp-json\/wp\/v2\/tags?post=13154"}],"curies":[{"name":"wp","href":"https:\/\/api.w.org\/{rel}","templated":true}]}}