
{"id":13146,"date":"2012-02-21T18:52:05","date_gmt":"2012-02-21T21:52:05","guid":{"rendered":"http:\/\/www.sudoestehoje.com.br\/novoportal\/?p=13146"},"modified":"2012-02-21T18:52:05","modified_gmt":"2012-02-21T21:52:05","slug":"greve-da-pm-afetou-o-carnaval","status":"publish","type":"post","link":"https:\/\/www.sudoestehoje.com.br\/novoportal\/2012\/02\/21\/greve-da-pm-afetou-o-carnaval\/","title":{"rendered":"GREVE DA PM AFETOU O CARNAVAL"},"content":{"rendered":"<p><img decoding=\"async\" class=\"aligncenter\" src=\"http:\/\/blogs.estadao.com.br\/carnaval-2012\/wp-content\/blogs.dir\/297\/files\/salvador.jpg\" alt=\"\" width=\"400\" \/><\/p>\n<p>&nbsp;<\/p>\n<p>SALVADOR: O Carnaval de Salvador ainda n\u00e3o acabou, mas j\u00e1 neste \u00faltimo dia ficou claro que houve uma grande evas\u00e3o de foli\u00f5es, provavelmente em fun\u00e7\u00e3o das incertezas provocadas pela greve da PM, que s\u00f3 acabou \u00e0s v\u00e9speras do evento.<\/p>\n<p>O secret\u00e1rio de Comunica\u00e7\u00e3o do Estado da Bahia, Robinson Almeida, reconheceu que a atual edi\u00e7\u00e3o do Carnaval aparenta um n\u00famero menor de foli\u00f5es nas ruas, mas disse que prefere aguardar uma pesquisa feita pelas Secretarias de Turismo e de Cultura para comentar com maior seguran\u00e7a a impress\u00e3o geral. \u201cN\u00e3o tenho nenhum indicador mais concreto. Ouvi tamb\u00e9m esse diagn\u00f3stico, mas devemos saber isso daqui a um m\u00eas aproximadamente, com o levantamento\u201d, afirmou.<\/p>\n<p>NO PREJU\u00cdZO<\/p>\n<p>Muitos vendedores ambulantes calculam e lamentam os preju\u00edzos provocados pela grande evas\u00e3o que o evento teve neste ano. Diana de Jesus, vendedora de caldo de cana, no circuito Dod\u00f4, disse que esse ano o movimento est\u00e1 fraqu\u00edssimo. \u201cEu j\u00e1 vendo h\u00e1 quatro anos no carnaval, moro no bairro Tancredo Neves e venho pra c\u00e1. Este ano foi o mais fraco de todos e eu j\u00e1 comprei a mercadoria calculando um movimento maior, se n\u00e3o acontecer um milagre hoje, certamente vou tomar um preju\u00edzo\u201d, reclamou. Eliana dos Santos, que sai de Feira de Santana para vender balas no circuito, tamb\u00e9m criticou o retorno financeiro. No caso dela, as vendas no m\u00e1ximo ser\u00e3o suficientes para cobrir os gastos, mas tamb\u00e9m h\u00e1 chances de ter preju\u00edzo. Com informa\u00e7\u00f5es do Bahia Not\u00edcias<\/p>\n<p>&nbsp;<\/p>\n<p>&nbsp;<\/p>\n","protected":false},"excerpt":{"rendered":"<p>&nbsp; SALVADOR: O Carnaval de Salvador ainda n\u00e3o acabou, mas j\u00e1 neste \u00faltimo dia ficou claro que houve uma grande evas\u00e3o de foli\u00f5es, provavelmente em fun\u00e7\u00e3o das incertezas provocadas pela greve da PM, que s\u00f3 acabou \u00e0s v\u00e9speras do evento. O secret\u00e1rio de Comunica\u00e7\u00e3o do Estado da Bahia, Robinson Almeida, reconheceu que a atual edi\u00e7\u00e3o [&hellip;]<\/p>\n","protected":false},"author":2,"featured_media":0,"comment_status":"open","ping_status":"open","sticky":false,"template":"","format":"standard","meta":{"footnotes":"","_links_to":"","_links_to_target":""},"categories":[1],"tags":[],"class_list":["post-13146","post","type-post","status-publish","format-standard","hentry","category-geral"],"views":1042,"_links":{"self":[{"href":"https:\/\/www.sudoestehoje.com.br\/novoportal\/wp-json\/wp\/v2\/posts\/13146","targetHints":{"allow":["GET"]}}],"collection":[{"href":"https:\/\/www.sudoestehoje.com.br\/novoportal\/wp-json\/wp\/v2\/posts"}],"about":[{"href":"https:\/\/www.sudoestehoje.com.br\/novoportal\/wp-json\/wp\/v2\/types\/post"}],"author":[{"embeddable":true,"href":"https:\/\/www.sudoestehoje.com.br\/novoportal\/wp-json\/wp\/v2\/users\/2"}],"replies":[{"embeddable":true,"href":"https:\/\/www.sudoestehoje.com.br\/novoportal\/wp-json\/wp\/v2\/comments?post=13146"}],"version-history":[{"count":1,"href":"https:\/\/www.sudoestehoje.com.br\/novoportal\/wp-json\/wp\/v2\/posts\/13146\/revisions"}],"predecessor-version":[{"id":13147,"href":"https:\/\/www.sudoestehoje.com.br\/novoportal\/wp-json\/wp\/v2\/posts\/13146\/revisions\/13147"}],"wp:attachment":[{"href":"https:\/\/www.sudoestehoje.com.br\/novoportal\/wp-json\/wp\/v2\/media?parent=13146"}],"wp:term":[{"taxonomy":"category","embeddable":true,"href":"https:\/\/www.sudoestehoje.com.br\/novoportal\/wp-json\/wp\/v2\/categories?post=13146"},{"taxonomy":"post_tag","embeddable":true,"href":"https:\/\/www.sudoestehoje.com.br\/novoportal\/wp-json\/wp\/v2\/tags?post=13146"}],"curies":[{"name":"wp","href":"https:\/\/api.w.org\/{rel}","templated":true}]}}