
{"id":13116,"date":"2012-02-19T19:50:18","date_gmt":"2012-02-19T22:50:18","guid":{"rendered":"http:\/\/www.sudoestehoje.com.br\/novoportal\/?p=13116"},"modified":"2012-02-19T19:50:18","modified_gmt":"2012-02-19T22:50:18","slug":"fogo-e-paixao-vira-hit-do-carnaval-de-salvador","status":"publish","type":"post","link":"https:\/\/www.sudoestehoje.com.br\/novoportal\/2012\/02\/19\/fogo-e-paixao-vira-hit-do-carnaval-de-salvador\/","title":{"rendered":"\u201cFOGO E PAIX\u00c3O\u201d VIRA HIT DO CARNAVAL DE SALVADOR"},"content":{"rendered":"<p><img decoding=\"async\" class=\"aligncenter\" src=\"http:\/\/www.blogdoanderson.com\/v2\/wp-content\/uploads\/2010\/10\/micare11.jpg\" alt=\"\" width=\"400\" \/><\/p>\n<p style=\"text-align: center;\"><em>Bel Marques homenageou Wando, cantando &#8216;Fogo e Paix\u00e3o&#8217;<\/em><\/p>\n<p>&nbsp;<\/p>\n<p><em>&#8216;Fogo e Paix\u00e3o&#8217;<\/em>, cl\u00e1ssico brega dos anos 1980, virou hino informal dos trios el\u00e9tricos de Salvador para reverenciar o cantor Wando, que morreu h\u00e1 dez dias. A m\u00fasica \u00e9 presen\u00e7a durante as quatro horas de dura\u00e7\u00e3o m\u00e9dia do desfile de cada trio el\u00e9trico que cruza o circuito Barra\/Ondina, o mais badalado da capital baiana.<\/p>\n<p>A celebra\u00e7\u00e3o do astro brega incluiu, ontem (17), m\u00fasicos como Tomate, Netinho e Cl\u00e1udia Leitte. Quando Bell Marques, do Chiclete com Banana, cantou o primeiro verso, \u201cVoc\u00ea \u00e9 luz\u201d, a multid\u00e3o replicou na hora: \u201c\u00e9 raio, estrela e luar\u2026\u201d O \u201chino\u201d a Wando tamb\u00e9m foi executado hoje por blocos independentes no circuito do Campo Grande, o mais tradicional da cidade, e durante os festejos no Pelourinho.<em>\u00a0Da Folha.<\/em><\/p>\n","protected":false},"excerpt":{"rendered":"<p>Bel Marques homenageou Wando, cantando &#8216;Fogo e Paix\u00e3o&#8217; &nbsp; &#8216;Fogo e Paix\u00e3o&#8217;, cl\u00e1ssico brega dos anos 1980, virou hino informal dos trios el\u00e9tricos de Salvador para reverenciar o cantor Wando, que morreu h\u00e1 dez dias. A m\u00fasica \u00e9 presen\u00e7a durante as quatro horas de dura\u00e7\u00e3o m\u00e9dia do desfile de cada trio el\u00e9trico que cruza o [&hellip;]<\/p>\n","protected":false},"author":2,"featured_media":0,"comment_status":"open","ping_status":"open","sticky":false,"template":"","format":"standard","meta":{"footnotes":"","_links_to":"","_links_to_target":""},"categories":[1],"tags":[],"class_list":["post-13116","post","type-post","status-publish","format-standard","hentry","category-geral"],"views":1113,"_links":{"self":[{"href":"https:\/\/www.sudoestehoje.com.br\/novoportal\/wp-json\/wp\/v2\/posts\/13116","targetHints":{"allow":["GET"]}}],"collection":[{"href":"https:\/\/www.sudoestehoje.com.br\/novoportal\/wp-json\/wp\/v2\/posts"}],"about":[{"href":"https:\/\/www.sudoestehoje.com.br\/novoportal\/wp-json\/wp\/v2\/types\/post"}],"author":[{"embeddable":true,"href":"https:\/\/www.sudoestehoje.com.br\/novoportal\/wp-json\/wp\/v2\/users\/2"}],"replies":[{"embeddable":true,"href":"https:\/\/www.sudoestehoje.com.br\/novoportal\/wp-json\/wp\/v2\/comments?post=13116"}],"version-history":[{"count":2,"href":"https:\/\/www.sudoestehoje.com.br\/novoportal\/wp-json\/wp\/v2\/posts\/13116\/revisions"}],"predecessor-version":[{"id":13118,"href":"https:\/\/www.sudoestehoje.com.br\/novoportal\/wp-json\/wp\/v2\/posts\/13116\/revisions\/13118"}],"wp:attachment":[{"href":"https:\/\/www.sudoestehoje.com.br\/novoportal\/wp-json\/wp\/v2\/media?parent=13116"}],"wp:term":[{"taxonomy":"category","embeddable":true,"href":"https:\/\/www.sudoestehoje.com.br\/novoportal\/wp-json\/wp\/v2\/categories?post=13116"},{"taxonomy":"post_tag","embeddable":true,"href":"https:\/\/www.sudoestehoje.com.br\/novoportal\/wp-json\/wp\/v2\/tags?post=13116"}],"curies":[{"name":"wp","href":"https:\/\/api.w.org\/{rel}","templated":true}]}}