
{"id":13088,"date":"2012-02-19T17:29:54","date_gmt":"2012-02-19T20:29:54","guid":{"rendered":"http:\/\/www.sudoestehoje.com.br\/novoportal\/?p=13088"},"modified":"2012-02-19T17:29:54","modified_gmt":"2012-02-19T20:29:54","slug":"pm-e-folioes-em-clima-de-paz-no-carnaval-do-pelourinho","status":"publish","type":"post","link":"https:\/\/www.sudoestehoje.com.br\/novoportal\/2012\/02\/19\/pm-e-folioes-em-clima-de-paz-no-carnaval-do-pelourinho\/","title":{"rendered":"PM E FOLI\u00d5ES EM CLIMA DE PAZ NO CARNAVAL DO PELOURINHO"},"content":{"rendered":"<p><img decoding=\"async\" class=\"aligncenter\" src=\"http:\/\/www.bahianoticias.com.br\/fotos\/principal_noticias\/111460\/IMAGEM_NOTICIA_5.jpg\" alt=\"Com quase 2,7 mil policiais, Carnaval do Pelourinho \u00e9 marcado pelo clima pac\u00edfico \" width=\"400\" \/><\/p>\n<p>&nbsp;<\/p>\n<p>SALVADOR: O clima de paz, conforto e seguran\u00e7a toma conta das pra\u00e7as e largos do Pelourinho. A programa\u00e7\u00e3o variada do Carnaval do Pel\u00f4 conta com mais de 200 atra\u00e7\u00f5es e teve in\u00edcio na \u00faltima quinta-feira (16), com o show de abertura em homenagem ao Pau El\u00e9trico, instrumento que deu origem \u00e0 Guitarra Baiana, que comemora 70 anos. No palco principal j\u00e1 passaram espet\u00e1culos como Di\u00e1logos Percussivos &#8211; que reuniu a velha e jovem guarda da percuss\u00e3o baiana, que apresentou um resgate hist\u00f3rico da m\u00fasica na Bahia e,neste s\u00e1bado (18), foi a Noite das Orquestras que re\u00fane os maestros Letieres Leite, Fred Dantas e Reginaldo de Xang\u00f4 no mesmo palco. Pelos Largos Tereza Batista, Pedro Archanjo, Quincas Berro d&#8217;\u00c1gua e Pra\u00e7a das Artes, diversas atra\u00e7\u00f5es que v\u00e3o do rock ao samba passaram e passar\u00e3o at\u00e9 a ter\u00e7a-feira de Carnaval, \u00faltimo dia da folia momesca. O Carnaval do Pelourinho \u00e9 uma realiza\u00e7\u00e3o do Governo da Bahia, Secretaria de Cultura do Estado da Bahia (SecultBA) atrav\u00e9s do Centro de Estudos Populares e Identit\u00e1rias (CCPI) e conta com o patroc\u00ednio do Banco do Brasil e do Governo Federal. BN<\/p>\n","protected":false},"excerpt":{"rendered":"<p>&nbsp; SALVADOR: O clima de paz, conforto e seguran\u00e7a toma conta das pra\u00e7as e largos do Pelourinho. A programa\u00e7\u00e3o variada do Carnaval do Pel\u00f4 conta com mais de 200 atra\u00e7\u00f5es e teve in\u00edcio na \u00faltima quinta-feira (16), com o show de abertura em homenagem ao Pau El\u00e9trico, instrumento que deu origem \u00e0 Guitarra Baiana, que [&hellip;]<\/p>\n","protected":false},"author":2,"featured_media":0,"comment_status":"open","ping_status":"open","sticky":false,"template":"","format":"standard","meta":{"footnotes":"","_links_to":"","_links_to_target":""},"categories":[1],"tags":[],"class_list":["post-13088","post","type-post","status-publish","format-standard","hentry","category-geral"],"views":1132,"_links":{"self":[{"href":"https:\/\/www.sudoestehoje.com.br\/novoportal\/wp-json\/wp\/v2\/posts\/13088","targetHints":{"allow":["GET"]}}],"collection":[{"href":"https:\/\/www.sudoestehoje.com.br\/novoportal\/wp-json\/wp\/v2\/posts"}],"about":[{"href":"https:\/\/www.sudoestehoje.com.br\/novoportal\/wp-json\/wp\/v2\/types\/post"}],"author":[{"embeddable":true,"href":"https:\/\/www.sudoestehoje.com.br\/novoportal\/wp-json\/wp\/v2\/users\/2"}],"replies":[{"embeddable":true,"href":"https:\/\/www.sudoestehoje.com.br\/novoportal\/wp-json\/wp\/v2\/comments?post=13088"}],"version-history":[{"count":3,"href":"https:\/\/www.sudoestehoje.com.br\/novoportal\/wp-json\/wp\/v2\/posts\/13088\/revisions"}],"predecessor-version":[{"id":13091,"href":"https:\/\/www.sudoestehoje.com.br\/novoportal\/wp-json\/wp\/v2\/posts\/13088\/revisions\/13091"}],"wp:attachment":[{"href":"https:\/\/www.sudoestehoje.com.br\/novoportal\/wp-json\/wp\/v2\/media?parent=13088"}],"wp:term":[{"taxonomy":"category","embeddable":true,"href":"https:\/\/www.sudoestehoje.com.br\/novoportal\/wp-json\/wp\/v2\/categories?post=13088"},{"taxonomy":"post_tag","embeddable":true,"href":"https:\/\/www.sudoestehoje.com.br\/novoportal\/wp-json\/wp\/v2\/tags?post=13088"}],"curies":[{"name":"wp","href":"https:\/\/api.w.org\/{rel}","templated":true}]}}