
{"id":13079,"date":"2012-02-19T17:17:40","date_gmt":"2012-02-19T20:17:40","guid":{"rendered":"http:\/\/www.sudoestehoje.com.br\/novoportal\/?p=13079"},"modified":"2012-02-20T00:17:47","modified_gmt":"2012-02-20T03:17:47","slug":"justica-do-rio-concede-habeas-corpus-a-bombeiros-grevistas","status":"publish","type":"post","link":"https:\/\/www.sudoestehoje.com.br\/novoportal\/2012\/02\/19\/justica-do-rio-concede-habeas-corpus-a-bombeiros-grevistas\/","title":{"rendered":"JUSTI\u00c7A DO RIO CONCEDE HABEAS CORPUS A BOMBEIROS GREVISTAS"},"content":{"rendered":"<p>&nbsp;<\/p>\n<p><img decoding=\"async\" class=\"aligncenter\" src=\"http:\/\/www.bahianoticias.com.br\/fotos\/justica_noticias\/43004\/IMAGEM_NOTICIA_5.jpg\" alt=\"Justi\u00e7a do Rio concede habeas corpus aos dez \u00faltimos bombeiros grevistas detidos\" width=\"400\" \/><\/p>\n<p style=\"text-align: center;\"><em>Beneveluto Daciolo era o l\u00edder do movimento grevista no Rio | Foto: O Globo<\/em><\/p>\n<p>&nbsp;<\/p>\n<p>Os dez bombeiros membros do movimento grevista no Rio de Janeiro que estavam presos foram soltos neste domingo.\u00a0Entre os presos no Grupamento Especial Prisional do Corpo de Bombeiros, estava o cabo Beneveluto Daciolo, l\u00edder do movimento. O plant\u00e3o judici\u00e1rio do Tribunal de Justi\u00e7a do Rio de Janeiro concedeu na noite deste s\u00e1bado (18) o habeas corpus ao 3\u00ba Sargento Heraldo Corr\u00eaa Vieira e o militar da mesma patente Andr\u00e9 Manuel Pontes de Matos. Eles estavam presos h\u00e1 uma semana. Eles foram detidos no 3\u00ba Grupamento Mar\u00edtimo e foram conduzidos para o Pres\u00eddios de Bangu 1, e logo ap\u00f3s foram transferidos para \u00a0o Grupamento Especial Prisional do Corpo de Bombeiros. A liberdade foi concedida pelo desembargador Adolpho Corr\u00eaa Andrade Mello J\u00fanior por considerar que os detidos n\u00e3o ofereciam riscos \u00e0 ordem p\u00fablica. A greve dos bombeiros no Rio de Janeiro come\u00e7ou no \u00faltimo dia 9 e terminou no dia 13 ap\u00f3s uma assembleia na sede do Sindicato dos Trabalhadores em Sa\u00fade, Trabalho e Previd\u00eancia Social do Rio (Sindsprev-RJ).<\/p>\n","protected":false},"excerpt":{"rendered":"<p>&nbsp; Beneveluto Daciolo era o l\u00edder do movimento grevista no Rio | Foto: O Globo &nbsp; Os dez bombeiros membros do movimento grevista no Rio de Janeiro que estavam presos foram soltos neste domingo.\u00a0Entre os presos no Grupamento Especial Prisional do Corpo de Bombeiros, estava o cabo Beneveluto Daciolo, l\u00edder do movimento. O plant\u00e3o judici\u00e1rio [&hellip;]<\/p>\n","protected":false},"author":2,"featured_media":0,"comment_status":"open","ping_status":"open","sticky":false,"template":"","format":"standard","meta":{"footnotes":"","_links_to":"","_links_to_target":""},"categories":[1],"tags":[],"class_list":["post-13079","post","type-post","status-publish","format-standard","hentry","category-geral"],"views":1357,"_links":{"self":[{"href":"https:\/\/www.sudoestehoje.com.br\/novoportal\/wp-json\/wp\/v2\/posts\/13079","targetHints":{"allow":["GET"]}}],"collection":[{"href":"https:\/\/www.sudoestehoje.com.br\/novoportal\/wp-json\/wp\/v2\/posts"}],"about":[{"href":"https:\/\/www.sudoestehoje.com.br\/novoportal\/wp-json\/wp\/v2\/types\/post"}],"author":[{"embeddable":true,"href":"https:\/\/www.sudoestehoje.com.br\/novoportal\/wp-json\/wp\/v2\/users\/2"}],"replies":[{"embeddable":true,"href":"https:\/\/www.sudoestehoje.com.br\/novoportal\/wp-json\/wp\/v2\/comments?post=13079"}],"version-history":[{"count":5,"href":"https:\/\/www.sudoestehoje.com.br\/novoportal\/wp-json\/wp\/v2\/posts\/13079\/revisions"}],"predecessor-version":[{"id":13127,"href":"https:\/\/www.sudoestehoje.com.br\/novoportal\/wp-json\/wp\/v2\/posts\/13079\/revisions\/13127"}],"wp:attachment":[{"href":"https:\/\/www.sudoestehoje.com.br\/novoportal\/wp-json\/wp\/v2\/media?parent=13079"}],"wp:term":[{"taxonomy":"category","embeddable":true,"href":"https:\/\/www.sudoestehoje.com.br\/novoportal\/wp-json\/wp\/v2\/categories?post=13079"},{"taxonomy":"post_tag","embeddable":true,"href":"https:\/\/www.sudoestehoje.com.br\/novoportal\/wp-json\/wp\/v2\/tags?post=13079"}],"curies":[{"name":"wp","href":"https:\/\/api.w.org\/{rel}","templated":true}]}}