
{"id":13073,"date":"2012-02-19T17:10:28","date_gmt":"2012-02-19T20:10:28","guid":{"rendered":"http:\/\/www.sudoestehoje.com.br\/novoportal\/?p=13073"},"modified":"2012-02-19T17:19:29","modified_gmt":"2012-02-19T20:19:29","slug":"carnaval-wagner-e-vaiado-ao-ser-mencionado-por-cantor-tomate","status":"publish","type":"post","link":"https:\/\/www.sudoestehoje.com.br\/novoportal\/2012\/02\/19\/carnaval-wagner-e-vaiado-ao-ser-mencionado-por-cantor-tomate\/","title":{"rendered":"CARNAVAL: WAGNER \u00c9 VAIADO AO SER MENCIONADO POR CANTOR &#8216;TOMATE&#8217;"},"content":{"rendered":"<p><img decoding=\"async\" class=\"aligncenter\" src=\"http:\/\/www.bahianoticias.com.br\/fotos\/principal_noticias\/111475\/IMAGEM_NOTICIA_5.jpg\" alt=\"Wagner comenta poss\u00edvel candidatura de Geddel: '\u00c9 um direito dele'\" width=\"400\" \/><\/p>\n<p>&nbsp;<\/p>\n<p>O cantor Tomate, primeiro bloco a sair no\u00a0Circuito Osmar (Campo Grande)\u00a0neste domingo (19), ouviu vaias ao agradecer ao governo e \u00e0 prefeitura pelo apoio no Carnaval. Ao mencionar, entre outros nomes, o do prefeito Jo\u00e3o Henrique e o do governador Jaques Wagner, o p\u00fablico se manifestou com reprova\u00e7\u00e3o. O acesso dos jornalistas\u00a0<a href=\"http:\/\/www.bahianoticias.com.br\/principal\/noticia\/111478-jornalistas-sao-proibidos-de-entrar-nos-camarotes-do-governo-estadual-e-da-prefeitura.html\" target=\"_blank\">aos camarotes oficiais do governo do Estado e da Prefeitura segue proibido<\/a>.\u00a0Ap\u00f3s a breve reclama\u00e7\u00e3o dos foli\u00f5es, Tomate seguiu o circuito com as can\u00e7\u00f5es do seu repert\u00f3rio. Ele se apresenta ainda no Bloco Inter, nessa segunda-feira (20) e ter\u00e7a-feira (21), no Circuito Osmar. BN<\/p>\n","protected":false},"excerpt":{"rendered":"<p>&nbsp; O cantor Tomate, primeiro bloco a sair no\u00a0Circuito Osmar (Campo Grande)\u00a0neste domingo (19), ouviu vaias ao agradecer ao governo e \u00e0 prefeitura pelo apoio no Carnaval. Ao mencionar, entre outros nomes, o do prefeito Jo\u00e3o Henrique e o do governador Jaques Wagner, o p\u00fablico se manifestou com reprova\u00e7\u00e3o. O acesso dos jornalistas\u00a0aos camarotes oficiais [&hellip;]<\/p>\n","protected":false},"author":2,"featured_media":0,"comment_status":"open","ping_status":"open","sticky":false,"template":"","format":"standard","meta":{"footnotes":"","_links_to":"","_links_to_target":""},"categories":[1],"tags":[],"class_list":["post-13073","post","type-post","status-publish","format-standard","hentry","category-geral"],"views":1127,"_links":{"self":[{"href":"https:\/\/www.sudoestehoje.com.br\/novoportal\/wp-json\/wp\/v2\/posts\/13073","targetHints":{"allow":["GET"]}}],"collection":[{"href":"https:\/\/www.sudoestehoje.com.br\/novoportal\/wp-json\/wp\/v2\/posts"}],"about":[{"href":"https:\/\/www.sudoestehoje.com.br\/novoportal\/wp-json\/wp\/v2\/types\/post"}],"author":[{"embeddable":true,"href":"https:\/\/www.sudoestehoje.com.br\/novoportal\/wp-json\/wp\/v2\/users\/2"}],"replies":[{"embeddable":true,"href":"https:\/\/www.sudoestehoje.com.br\/novoportal\/wp-json\/wp\/v2\/comments?post=13073"}],"version-history":[{"count":6,"href":"https:\/\/www.sudoestehoje.com.br\/novoportal\/wp-json\/wp\/v2\/posts\/13073\/revisions"}],"predecessor-version":[{"id":13078,"href":"https:\/\/www.sudoestehoje.com.br\/novoportal\/wp-json\/wp\/v2\/posts\/13073\/revisions\/13078"}],"wp:attachment":[{"href":"https:\/\/www.sudoestehoje.com.br\/novoportal\/wp-json\/wp\/v2\/media?parent=13073"}],"wp:term":[{"taxonomy":"category","embeddable":true,"href":"https:\/\/www.sudoestehoje.com.br\/novoportal\/wp-json\/wp\/v2\/categories?post=13073"},{"taxonomy":"post_tag","embeddable":true,"href":"https:\/\/www.sudoestehoje.com.br\/novoportal\/wp-json\/wp\/v2\/tags?post=13073"}],"curies":[{"name":"wp","href":"https:\/\/api.w.org\/{rel}","templated":true}]}}