
{"id":13068,"date":"2012-02-18T21:14:44","date_gmt":"2012-02-19T00:14:44","guid":{"rendered":"http:\/\/www.sudoestehoje.com.br\/novoportal\/?p=13068"},"modified":"2012-02-18T21:14:44","modified_gmt":"2012-02-19T00:14:44","slug":"brumado-pedofilo-foge-com-menina-de-12-anos","status":"publish","type":"post","link":"https:\/\/www.sudoestehoje.com.br\/novoportal\/2012\/02\/18\/brumado-pedofilo-foge-com-menina-de-12-anos\/","title":{"rendered":"BRUMADO: PED\u00d3FILO FOGE COM MENINA DE 12 ANOS"},"content":{"rendered":"<p><img decoding=\"async\" class=\"aligncenter\" src=\"http:\/\/raphaelkoizo.files.wordpress.com\/2009\/09\/gazetaweb-pedofilia-01blog-787916.jpg?w=400&amp;h=343\" alt=\"\" \/><\/p>\n<p>&nbsp;<\/p>\n<p>BRUMADO: Uma menor de 12 anos, residente no Bairro Urbis II em Brumado estava desaparecida. Na delegacia, a m\u00e3e da menina contou que estava viajando para visitar um filho que se encontra detido no pres\u00eddio de Jequi\u00e9, quando recebeu a not\u00edcia do desaparecimento da filha. Segundo informa\u00e7\u00f5es prestadas \u00e0 pol\u00edcia, a menor est\u00e1 bem, mas fugiu com um homem de 25 anos, que abandonou a fam\u00edlia e fugiu com a adolescente para Santa Luzia, no sul da Bahia.<\/p>\n<p>O delegado Hudson Santana, que est\u00e1 acompanhando o caso, j\u00e1 entrou em contato com a pol\u00edcia do munic\u00edpio, que localizou a menor e o suposto sequestrador foi detido em Itabuna. Posteriormente, ser\u00e1 pedida sua pris\u00e3o preventiva. O Conselho Tutelar de Brumado entrou em contato com o Conselho de Itabuna que ir\u00e1 acompanhar a menor e um parente da menina j\u00e1 se deslocou para a cidade de Santa Luzia, a fim de trazer a garota de volta para Brumado.<\/p>\n<p>O delegado Hudson declarou ao Brumado Noticias que aguarda a chegada menor para um interrogat\u00f3rio com o objetivo de melhor elucidar o caso.<\/p>\n","protected":false},"excerpt":{"rendered":"<p>&nbsp; BRUMADO: Uma menor de 12 anos, residente no Bairro Urbis II em Brumado estava desaparecida. Na delegacia, a m\u00e3e da menina contou que estava viajando para visitar um filho que se encontra detido no pres\u00eddio de Jequi\u00e9, quando recebeu a not\u00edcia do desaparecimento da filha. Segundo informa\u00e7\u00f5es prestadas \u00e0 pol\u00edcia, a menor est\u00e1 bem, [&hellip;]<\/p>\n","protected":false},"author":2,"featured_media":0,"comment_status":"open","ping_status":"open","sticky":false,"template":"","format":"standard","meta":{"footnotes":"","_links_to":"","_links_to_target":""},"categories":[1],"tags":[],"class_list":["post-13068","post","type-post","status-publish","format-standard","hentry","category-geral"],"views":1484,"_links":{"self":[{"href":"https:\/\/www.sudoestehoje.com.br\/novoportal\/wp-json\/wp\/v2\/posts\/13068","targetHints":{"allow":["GET"]}}],"collection":[{"href":"https:\/\/www.sudoestehoje.com.br\/novoportal\/wp-json\/wp\/v2\/posts"}],"about":[{"href":"https:\/\/www.sudoestehoje.com.br\/novoportal\/wp-json\/wp\/v2\/types\/post"}],"author":[{"embeddable":true,"href":"https:\/\/www.sudoestehoje.com.br\/novoportal\/wp-json\/wp\/v2\/users\/2"}],"replies":[{"embeddable":true,"href":"https:\/\/www.sudoestehoje.com.br\/novoportal\/wp-json\/wp\/v2\/comments?post=13068"}],"version-history":[{"count":4,"href":"https:\/\/www.sudoestehoje.com.br\/novoportal\/wp-json\/wp\/v2\/posts\/13068\/revisions"}],"predecessor-version":[{"id":13072,"href":"https:\/\/www.sudoestehoje.com.br\/novoportal\/wp-json\/wp\/v2\/posts\/13068\/revisions\/13072"}],"wp:attachment":[{"href":"https:\/\/www.sudoestehoje.com.br\/novoportal\/wp-json\/wp\/v2\/media?parent=13068"}],"wp:term":[{"taxonomy":"category","embeddable":true,"href":"https:\/\/www.sudoestehoje.com.br\/novoportal\/wp-json\/wp\/v2\/categories?post=13068"},{"taxonomy":"post_tag","embeddable":true,"href":"https:\/\/www.sudoestehoje.com.br\/novoportal\/wp-json\/wp\/v2\/tags?post=13068"}],"curies":[{"name":"wp","href":"https:\/\/api.w.org\/{rel}","templated":true}]}}