
{"id":13058,"date":"2012-02-18T11:27:22","date_gmt":"2012-02-18T14:27:22","guid":{"rendered":"http:\/\/www.sudoestehoje.com.br\/novoportal\/?p=13058"},"modified":"2012-02-19T18:11:43","modified_gmt":"2012-02-19T21:11:43","slug":"wagner-pede-reducao-do-piso-nacional-dos-professores","status":"publish","type":"post","link":"https:\/\/www.sudoestehoje.com.br\/novoportal\/2012\/02\/18\/wagner-pede-reducao-do-piso-nacional-dos-professores\/","title":{"rendered":"WAGNER PEDE REDU\u00c7\u00c3O DO PISO NACIONAL DOS PROFESSORES"},"content":{"rendered":"<p><img decoding=\"async\" class=\"aligncenter\" src=\"http:\/\/2.bp.blogspot.com\/-KDkx8VEpP1s\/Tz6Jk-tgSII\/AAAAAAAABPU\/ngVgENh9qTs\/s1600\/professoresPiso.jpg\" alt=\"\" \/><\/p>\n<p>&nbsp;<\/p>\n<p>O governador Jaques Wagner (PT-BA) n\u00e3o aprende com seus pr\u00f3prios erros e quer comprar briga com mais uma categoria do funcionalismo p\u00fablico baiano. O gestor pediu ao presidente da C\u00e2mara dos Deputados, dep.fed. Marco Maia (PT-RS), para colocar em vota\u00e7\u00e3o o projeto que reduz o piso nacional dos professores. O pedido ocorreu durante a posse de Maria Gra\u00e7as Foster na presid\u00eancia da Petrobr\u00e1s, segundo nota do jornal O Globo.<\/p>\n<p>O piso nacional dos professores \u00e9 uma luta antiga da classe educadora, que foi aprovada no parlamento e sancionada no Executivo. O reajuste em 2012 ser\u00e1 de 22%, mas o governador quer que o aumento seja de apenas 6%. Tamb\u00e9m pediram a redu\u00e7\u00e3o do reajuste os governadores S\u00e9rgio Cabral (RJ), Antonio Anast\u00e1sia (MG) Cid Gomes (CE) e Renato Casagrande (ES).<!--more--><\/p>\n<p>O governador j\u00e1 saiu arranhado em alguns epis\u00f3dios envolvendo o funcionalismo p\u00fablico, como o corte no Planserv, o n\u00e3o pagamento da URV, a recente greve na Pol\u00edcia Militar, dentre outros.<\/p>\n<p>A coisa chegou a tal n\u00edvel de insatisfa\u00e7\u00e3o que at\u00e9 mesmo a dire\u00e7\u00e3o da APLB-Sindicato (Sindicato dos Trabalhadores em Educa\u00e7\u00e3o do Estado da Bahia), controlada h\u00e1 muito anos pelo PCdoB, membro da \u201cbase aliada\u201d do governo e quase sempre subserviente \u00e0s decis\u00f5es governamentais, protestou.<\/p>\n<p>Para o coordenador geral da APLB-Sindicato, Rui Oliveira, a proposta \u00e9 completamente equivocada e vai na contram\u00e3o do Plano Nacional da Educa\u00e7\u00e3o do governo federal, que prev\u00ea a recupera\u00e7\u00e3o das perdas salariais dos profissionais da \u00e1rea que chegam a cerca de 60%. \u201cH\u00e1 o compromisso da presidente Dilma Rousseff em corrigir essa distor\u00e7\u00e3o\u201d, assinalou Oliveira.<\/p>\n<p>\u201cOs governadores que defendem redu\u00e7\u00e3o do piso demonstram sua total falta de compromisso para com a Educa\u00e7\u00e3o\u201d, alfineta Rui Oliveira, considerando dif\u00edcil que eles consigam apoio da bancada federal para tal empreitada.<\/p>\n<p>Sempre demonstrando seu pragmatismo pol\u00edtico e a\u00e7\u00f5es e ocasi\u00f5es, o coordenador da APLB-Sindicato, cerca de um ter\u00e7o da C\u00e2mara Federal vai disputar as elei\u00e7\u00f5es municipais e, certamente, n\u00e3o vai querer \u201cse queimar\u201d com o eleitor votando um projeto dessa natureza. \u201cQuero ver se Pellegrino, Alice Portugal ou ACM Neto v\u00e3o mostrar-se favor\u00e1veis a tal aberra\u00e7\u00e3o\u201d, desafiou. \u201cNem quero crer que isto seja s\u00e9rio\u201d, desabafou Oliveira.<\/p>\n<p>Sem d\u00favida, j\u00e1 \u00e9 um bom come\u00e7o\u2026<\/p>\n<p>Com informa\u00e7\u00f5es do <strong><em>Blog Almo\u00e7o das Horas<\/em><\/strong><\/p>\n<p><strong><br \/>\n<\/strong><\/p>\n","protected":false},"excerpt":{"rendered":"<p>&nbsp; O governador Jaques Wagner (PT-BA) n\u00e3o aprende com seus pr\u00f3prios erros e quer comprar briga com mais uma categoria do funcionalismo p\u00fablico baiano. O gestor pediu ao presidente da C\u00e2mara dos Deputados, dep.fed. Marco Maia (PT-RS), para colocar em vota\u00e7\u00e3o o projeto que reduz o piso nacional dos professores. O pedido ocorreu durante a [&hellip;]<\/p>\n","protected":false},"author":2,"featured_media":0,"comment_status":"open","ping_status":"open","sticky":false,"template":"","format":"standard","meta":{"footnotes":"","_links_to":"","_links_to_target":""},"categories":[1],"tags":[],"class_list":["post-13058","post","type-post","status-publish","format-standard","hentry","category-geral"],"views":1075,"_links":{"self":[{"href":"https:\/\/www.sudoestehoje.com.br\/novoportal\/wp-json\/wp\/v2\/posts\/13058","targetHints":{"allow":["GET"]}}],"collection":[{"href":"https:\/\/www.sudoestehoje.com.br\/novoportal\/wp-json\/wp\/v2\/posts"}],"about":[{"href":"https:\/\/www.sudoestehoje.com.br\/novoportal\/wp-json\/wp\/v2\/types\/post"}],"author":[{"embeddable":true,"href":"https:\/\/www.sudoestehoje.com.br\/novoportal\/wp-json\/wp\/v2\/users\/2"}],"replies":[{"embeddable":true,"href":"https:\/\/www.sudoestehoje.com.br\/novoportal\/wp-json\/wp\/v2\/comments?post=13058"}],"version-history":[{"count":4,"href":"https:\/\/www.sudoestehoje.com.br\/novoportal\/wp-json\/wp\/v2\/posts\/13058\/revisions"}],"predecessor-version":[{"id":13061,"href":"https:\/\/www.sudoestehoje.com.br\/novoportal\/wp-json\/wp\/v2\/posts\/13058\/revisions\/13061"}],"wp:attachment":[{"href":"https:\/\/www.sudoestehoje.com.br\/novoportal\/wp-json\/wp\/v2\/media?parent=13058"}],"wp:term":[{"taxonomy":"category","embeddable":true,"href":"https:\/\/www.sudoestehoje.com.br\/novoportal\/wp-json\/wp\/v2\/categories?post=13058"},{"taxonomy":"post_tag","embeddable":true,"href":"https:\/\/www.sudoestehoje.com.br\/novoportal\/wp-json\/wp\/v2\/tags?post=13058"}],"curies":[{"name":"wp","href":"https:\/\/api.w.org\/{rel}","templated":true}]}}