
{"id":13046,"date":"2012-02-18T01:26:33","date_gmt":"2012-02-18T04:26:33","guid":{"rendered":"http:\/\/www.sudoestehoje.com.br\/novoportal\/?p=13046"},"modified":"2012-02-18T01:26:33","modified_gmt":"2012-02-18T04:26:33","slug":"caca-as-bruxas-apos-greve-pm-ja-tem-24-soldados-presos","status":"publish","type":"post","link":"https:\/\/www.sudoestehoje.com.br\/novoportal\/2012\/02\/18\/caca-as-bruxas-apos-greve-pm-ja-tem-24-soldados-presos\/","title":{"rendered":"CA\u00c7A \u00c0S BRUXAS: AP\u00d3S GREVE, PM J\u00c1 TEM 24 SOLDADOS PRESOS"},"content":{"rendered":"<p><img decoding=\"async\" class=\"aligncenter\" src=\"http:\/\/p2.trrsf.com.br\/image\/fget\/cf\/619\/464\/img.terra.com.br\/i\/2012\/02\/09\/2215282-1277-rec.jpg\" alt=\"\" width=\"400\" \/><\/p>\n<p>&nbsp;<\/p>\n<p>As Justi\u00e7as Comum e Militar expediram 40 mandados de pris\u00e3o contra policiais militares acusados de liderar a greve e promover \u201cdestrui\u00e7\u00e3o de patrim\u00f4nio, vandalismo e porte ilegal de armas\u201d. Dos mandados, 24 j\u00e1 foram cumpridos, sendo seis deles em Itabuna.<\/p>\n<p>Em Itabuna, permanece clima de revolta com a pris\u00e3o dos soldados\u00a0Jos\u00e9 Janu\u00e1rio Neto, Jos\u00e9 Roberto dos Santos, M\u00e1rcia Batista de Oliveira, Renata Tereza Brand\u00e3o Meireles, Val\u00e9ria Rodrigues Morais Silva e Wadson Andrade. Os policiais est\u00e3o presos no 15\u00ba Batalh\u00e3o da PM.<\/p>\n<p>Os advogados dos policiais sustentam que a greve no 15\u00ba Batalh\u00e3o foi pac\u00edfica. Todas as decis\u00f5es foram tomadas em assembleia com participa\u00e7\u00e3o de mais de 200 soldados e sargentos dentro do batalh\u00e3o.<\/p>\n<p>A APPM ofereceu assessoria jur\u00eddica aos policiais alvos dos mandados e questiona a legalidade das pris\u00f5es, ocorridas de forma arbitr\u00e1ria no entendimento da associa\u00e7\u00e3o. O entendimento \u00e9 que, no m\u00e1ximo, os policiais deveriam responder a uma sindic\u00e2ncia, inicialmente. O estado atropelou o \u201crito\u201d para tentar \u201cdar exemplo\u201d \u00e0 toda a tropa de mais de 30 mil soldados.<\/p>\n<p><strong><em>Blog Pimenta<\/em><\/strong><\/p>\n","protected":false},"excerpt":{"rendered":"<p>&nbsp; As Justi\u00e7as Comum e Militar expediram 40 mandados de pris\u00e3o contra policiais militares acusados de liderar a greve e promover \u201cdestrui\u00e7\u00e3o de patrim\u00f4nio, vandalismo e porte ilegal de armas\u201d. Dos mandados, 24 j\u00e1 foram cumpridos, sendo seis deles em Itabuna. Em Itabuna, permanece clima de revolta com a pris\u00e3o dos soldados\u00a0Jos\u00e9 Janu\u00e1rio Neto, Jos\u00e9 [&hellip;]<\/p>\n","protected":false},"author":2,"featured_media":0,"comment_status":"open","ping_status":"open","sticky":false,"template":"","format":"standard","meta":{"footnotes":"","_links_to":"","_links_to_target":""},"categories":[1],"tags":[],"class_list":["post-13046","post","type-post","status-publish","format-standard","hentry","category-geral"],"views":1173,"_links":{"self":[{"href":"https:\/\/www.sudoestehoje.com.br\/novoportal\/wp-json\/wp\/v2\/posts\/13046","targetHints":{"allow":["GET"]}}],"collection":[{"href":"https:\/\/www.sudoestehoje.com.br\/novoportal\/wp-json\/wp\/v2\/posts"}],"about":[{"href":"https:\/\/www.sudoestehoje.com.br\/novoportal\/wp-json\/wp\/v2\/types\/post"}],"author":[{"embeddable":true,"href":"https:\/\/www.sudoestehoje.com.br\/novoportal\/wp-json\/wp\/v2\/users\/2"}],"replies":[{"embeddable":true,"href":"https:\/\/www.sudoestehoje.com.br\/novoportal\/wp-json\/wp\/v2\/comments?post=13046"}],"version-history":[{"count":3,"href":"https:\/\/www.sudoestehoje.com.br\/novoportal\/wp-json\/wp\/v2\/posts\/13046\/revisions"}],"predecessor-version":[{"id":13049,"href":"https:\/\/www.sudoestehoje.com.br\/novoportal\/wp-json\/wp\/v2\/posts\/13046\/revisions\/13049"}],"wp:attachment":[{"href":"https:\/\/www.sudoestehoje.com.br\/novoportal\/wp-json\/wp\/v2\/media?parent=13046"}],"wp:term":[{"taxonomy":"category","embeddable":true,"href":"https:\/\/www.sudoestehoje.com.br\/novoportal\/wp-json\/wp\/v2\/categories?post=13046"},{"taxonomy":"post_tag","embeddable":true,"href":"https:\/\/www.sudoestehoje.com.br\/novoportal\/wp-json\/wp\/v2\/tags?post=13046"}],"curies":[{"name":"wp","href":"https:\/\/api.w.org\/{rel}","templated":true}]}}