
{"id":13040,"date":"2012-02-18T00:54:50","date_gmt":"2012-02-18T03:54:50","guid":{"rendered":"http:\/\/www.sudoestehoje.com.br\/novoportal\/?p=13040"},"modified":"2012-02-18T00:54:50","modified_gmt":"2012-02-18T03:54:50","slug":"crianca-de-conquista-morre-em-acidente-na-br-101","status":"publish","type":"post","link":"https:\/\/www.sudoestehoje.com.br\/novoportal\/2012\/02\/18\/crianca-de-conquista-morre-em-acidente-na-br-101\/","title":{"rendered":"CRIAN\u00c7A DE CONQUISTA MORRE EM ACIDENTE NA BR-101"},"content":{"rendered":"<p><img decoding=\"async\" class=\"aligncenter\" src=\"http:\/\/www.blogdaresenhageral.com.br\/v1\/wp-content\/uploads\/pajero_d.jpg\" alt=\"\" width=\"500\" \/><\/p>\n<p>&nbsp;<\/p>\n<p>ITAPEBI: Uma crian\u00e7a de tr\u00eas anos morreu em um acidente na manh\u00e3 desta sexta-feira (17) na BR-101. Ela viajava no colo da m\u00e3e no banco traseiro de uma Pajero que tombou v\u00e1rias vezes no km 670 da rodovia, em Itapebi.<\/p>\n<p>A pequena Giulia Garcia foi arremessada e caiu no asfalto desacordada. O pai dela, o m\u00e9dico Nilton Gomes Garcia, 52 anos, que dirigia o ve\u00edculo, ainda fez massagem card\u00edaca, tentando reanim\u00e1-la. A garotinha foi levada em carro particular para o Hospital Regional de Eun\u00e1polis, mas n\u00e3o resistiu aos ferimentos.\u00a0A fam\u00edlia seguia de Vit\u00f3ria da Conquista para Arraial d\u2019Ajuda, em Porto Seguro.<\/p>\n<p><strong><\/strong>Al\u00e9m do motorista, estavam na Pajero outras cinco pessoas. A mulher do m\u00e9dico, Jaciara Garcia \u2013 36 anos, a sogra dela, No\u00e9lia Coutinho Garcia, 76, um menino de 10 \u2013 o outro filho do casal, e a bab\u00e1 das crian\u00e7as, Diana da Silva, idade n\u00e3o informada.<\/p>\n<p>O m\u00e9dico sofreu um corte profundo em um dos bra\u00e7os e a mulher dele teve ferimentos leses. Os demais passageiros sa\u00edram ilesos.\u00a0O acidente foi a 10 quil\u00f4metros da cidade de Itapebi. O carro se descontrolou em uma curva e capotou v\u00e1rias vezes.<\/p>\n<p><strong><em>\u00a0Radar 64<\/em><\/strong><\/p>\n","protected":false},"excerpt":{"rendered":"<p>&nbsp; ITAPEBI: Uma crian\u00e7a de tr\u00eas anos morreu em um acidente na manh\u00e3 desta sexta-feira (17) na BR-101. Ela viajava no colo da m\u00e3e no banco traseiro de uma Pajero que tombou v\u00e1rias vezes no km 670 da rodovia, em Itapebi. A pequena Giulia Garcia foi arremessada e caiu no asfalto desacordada. O pai dela, [&hellip;]<\/p>\n","protected":false},"author":2,"featured_media":0,"comment_status":"open","ping_status":"open","sticky":false,"template":"","format":"standard","meta":{"footnotes":"","_links_to":"","_links_to_target":""},"categories":[1],"tags":[],"class_list":["post-13040","post","type-post","status-publish","format-standard","hentry","category-geral"],"views":1104,"_links":{"self":[{"href":"https:\/\/www.sudoestehoje.com.br\/novoportal\/wp-json\/wp\/v2\/posts\/13040","targetHints":{"allow":["GET"]}}],"collection":[{"href":"https:\/\/www.sudoestehoje.com.br\/novoportal\/wp-json\/wp\/v2\/posts"}],"about":[{"href":"https:\/\/www.sudoestehoje.com.br\/novoportal\/wp-json\/wp\/v2\/types\/post"}],"author":[{"embeddable":true,"href":"https:\/\/www.sudoestehoje.com.br\/novoportal\/wp-json\/wp\/v2\/users\/2"}],"replies":[{"embeddable":true,"href":"https:\/\/www.sudoestehoje.com.br\/novoportal\/wp-json\/wp\/v2\/comments?post=13040"}],"version-history":[{"count":2,"href":"https:\/\/www.sudoestehoje.com.br\/novoportal\/wp-json\/wp\/v2\/posts\/13040\/revisions"}],"predecessor-version":[{"id":13042,"href":"https:\/\/www.sudoestehoje.com.br\/novoportal\/wp-json\/wp\/v2\/posts\/13040\/revisions\/13042"}],"wp:attachment":[{"href":"https:\/\/www.sudoestehoje.com.br\/novoportal\/wp-json\/wp\/v2\/media?parent=13040"}],"wp:term":[{"taxonomy":"category","embeddable":true,"href":"https:\/\/www.sudoestehoje.com.br\/novoportal\/wp-json\/wp\/v2\/categories?post=13040"},{"taxonomy":"post_tag","embeddable":true,"href":"https:\/\/www.sudoestehoje.com.br\/novoportal\/wp-json\/wp\/v2\/tags?post=13040"}],"curies":[{"name":"wp","href":"https:\/\/api.w.org\/{rel}","templated":true}]}}