
{"id":13024,"date":"2012-02-17T10:55:41","date_gmt":"2012-02-17T13:55:41","guid":{"rendered":"http:\/\/www.sudoestehoje.com.br\/novoportal\/?p=13024"},"modified":"2012-02-17T11:13:16","modified_gmt":"2012-02-17T14:13:16","slug":"para-prefeito-vote-em-pereirinha","status":"publish","type":"post","link":"https:\/\/www.sudoestehoje.com.br\/novoportal\/2012\/02\/17\/para-prefeito-vote-em-pereirinha\/","title":{"rendered":"PARA PREFEITO, &#8216;VOTE EM PEREIRINHA&#8217;"},"content":{"rendered":"<p><img decoding=\"async\" class=\"aligncenter\" src=\"http:\/\/3.bp.blogspot.com\/-XblEE6ZMivU\/TvRqRGBYbsI\/AAAAAAAAH7g\/oGVL6uU_LAA\/s1600\/ZE-CARLOS-XX.jpg\" alt=\"\" \/><\/p>\n<p>ITAPETINGA: Dizem os m\u00e9dicos psiquiatras que o sujeito em estado de depress\u00e3o \u00e0s vezes oscila entre a &#8216;tristeza profunda&#8217; e a &#8216;euforia exagerada&#8217;. No primeiro est\u00e1gio, vai para o fundo do po\u00e7o, \u00a0descuida do pr\u00f3prio corpo, se apresenta com p\u00e9ssima apar\u00eancia e at\u00e9 desiste de viver. No outro est\u00e1gio, o da &#8216;euforia&#8217;, fica sorridente, otimista, ligad\u00e3o e faz coisas que &#8216;at\u00e9 o c\u00e3o duvida&#8217;.<\/p>\n<p>Embora eu n\u00e3o seja psiquiatra, analiso que este possa ser o &#8216;mal&#8217; que vem acometendo o nosso descansado alcaide, nos \u00faltimos meses, dada a sua brusca mudan\u00e7a de comportamento. Z\u00e9, que se apresentava feito um &#8216;zumbi&#8217; nas cerim\u00f4nias e eventos p\u00fablicos, de barba e cabelo compridos ao estilo &#8216;Pereirinha&#8217;, deu uma guinada de 360 graus e passou a demonstrar uma inesperada &#8216;euforia&#8217; e otimismo sem precedentes, prometendo dar uma reviravolta nos rumos da sua fracassada administra\u00e7\u00e3o, que cai das pernas e chega, irremediavelmente, ao fundo do po\u00e7o, bem na reta final do seu p\u00edfio mandato.<\/p>\n<p>Colecionador de obras inacabadas e abandonadas, Z\u00e9 Carlos prometeu para uma plat\u00e9ia de seguidores que s\u00f3 acreditam nos seus pr\u00f3prios privil\u00e9gios e vantagens il\u00edcitas, na abertura dos trabalhos legislativos da C\u00e2mara de Vereadores, tudo aquilo que sonhou fazer e n\u00e3o fez, nos \u00faltimos 3 anos, mas que que se torna imposs\u00edvel de realizar agora, dada \u00e0 sua &#8216;disposi\u00e7\u00e3o para o trabalho&#8217;. Querendo acreditar no que ouviam, alguns &#8216;f\u00e3s&#8217; aplaudiram de p\u00e9 e desabafaram: &#8220;Ufa, acho que vou salvar o meu emprego&#8230;&#8221;<\/p>\n<p>Vejam o que ele promete realizar em at\u00e9 as elei\u00e7\u00f5es de 2012:<\/p>\n<p><em>Inaugura\u00e7\u00e3o da Creche de Bandeira do Col\u00f4nia, prevista para mar\u00e7o, inaugura\u00e7\u00e3o da UPA \u2013 Unidade de Pronto Atendimento (n\u00e3o disse para quando), conclus\u00e3o da Av. J\u00falio Jos\u00e9 Rodrigues (para o dia de S\u00e3o Nunca), constru\u00e7\u00e3o do IML \u2013 Instituto M\u00e9dico Legal em Itapetinga, &#8216;sala de frios&#8217; (o que \u00e9 isto?) no Posto Guilherme Dias, reforma do Pier da Lagoa (abandonado h\u00e1 3 anos), pavimenta\u00e7\u00f5es\u00a0 e\u00a0 drenagens de ruas nas Vilas Isabel e Riach\u00e3o, Am\u00e9rico Nogueira, Quintas do Morumbi, S\u00e3o Francisco de Assis, Nova Itapetinga e distritos, aquisi\u00e7\u00e3o de recursos junto ao PAC II para constru\u00e7\u00e3o de Creche Municipal e Quadra Poliesportiva, manuten\u00e7\u00e3o em galerias pluviais e redes de esgotamento sanit\u00e1rio, constru\u00e7\u00e3o da passarela (aquela que ele n\u00e3o sabia da verba que chegou) ligando o Ponto Certo ao loteamento Morada do Bem Querer, constru\u00e7\u00e3o de 14 unidades habitacionais populares no loteamento Hilda Gama, conclus\u00e3o da obra de constru\u00e7\u00e3o da unidade de sa\u00fade do Clodoaldo Costa e entrega da unidade de sa\u00fade das casas populares, in\u00edcio da constru\u00e7\u00e3o de 177 unidades sanit\u00e1rias domiciliares (banheiros), obras para capeamento e recapeamento asf\u00e1ltico das Avenidas: Flamengo, Itarantim, Cinq\u00fcenten\u00e1rio, Am\u00e9rico Nogueira, Gerson de Oliveira, Pedro Lima e Ruas Olimpio Vieira e Conde\u00faba.<\/em><\/p>\n<p>Como ele apenas falou o que escreveram para ele ler, deve estar agora desesperado, achando que pode ter exagerado na dose, com de fato exagerou. Como conseguiria realizar tanta coisa em 7 meses, se em 3 anos de governo s\u00f3 conseguiu construir \u00a0dois ou tr\u00eas quebra-molas, pintar meios-fios e dizimar mais de 250 milh\u00f5es de reais das receitas municipais no ralo do desperd\u00edcio e da incompet\u00eancia, do empreguismo, dos privil\u00e9gios, da boa vida e em outros tipos de &#8216;despesas&#8217; muito mal explicadas?<\/p>\n<p>Se houver esta reflex\u00e3o por parte do nosso alienado alcaide, correremos o risco de assistir a volta do zumbi &#8216;Pereirinha&#8217;, em plena campanha eleitoral, dormindo no palanque.<\/p>\n<p><strong><em>Por DAVI FERRAZ<\/em><\/strong><\/p>\n<p>&nbsp;<\/p>\n","protected":false},"excerpt":{"rendered":"<p>ITAPETINGA: Dizem os m\u00e9dicos psiquiatras que o sujeito em estado de depress\u00e3o \u00e0s vezes oscila entre a &#8216;tristeza profunda&#8217; e a &#8216;euforia exagerada&#8217;. No primeiro est\u00e1gio, vai para o fundo do po\u00e7o, \u00a0descuida do pr\u00f3prio corpo, se apresenta com p\u00e9ssima apar\u00eancia e at\u00e9 desiste de viver. No outro est\u00e1gio, o da &#8216;euforia&#8217;, fica sorridente, otimista, [&hellip;]<\/p>\n","protected":false},"author":2,"featured_media":0,"comment_status":"open","ping_status":"open","sticky":false,"template":"","format":"standard","meta":{"footnotes":"","_links_to":"","_links_to_target":""},"categories":[1],"tags":[],"class_list":["post-13024","post","type-post","status-publish","format-standard","hentry","category-geral"],"views":1460,"_links":{"self":[{"href":"https:\/\/www.sudoestehoje.com.br\/novoportal\/wp-json\/wp\/v2\/posts\/13024","targetHints":{"allow":["GET"]}}],"collection":[{"href":"https:\/\/www.sudoestehoje.com.br\/novoportal\/wp-json\/wp\/v2\/posts"}],"about":[{"href":"https:\/\/www.sudoestehoje.com.br\/novoportal\/wp-json\/wp\/v2\/types\/post"}],"author":[{"embeddable":true,"href":"https:\/\/www.sudoestehoje.com.br\/novoportal\/wp-json\/wp\/v2\/users\/2"}],"replies":[{"embeddable":true,"href":"https:\/\/www.sudoestehoje.com.br\/novoportal\/wp-json\/wp\/v2\/comments?post=13024"}],"version-history":[{"count":6,"href":"https:\/\/www.sudoestehoje.com.br\/novoportal\/wp-json\/wp\/v2\/posts\/13024\/revisions"}],"predecessor-version":[{"id":13028,"href":"https:\/\/www.sudoestehoje.com.br\/novoportal\/wp-json\/wp\/v2\/posts\/13024\/revisions\/13028"}],"wp:attachment":[{"href":"https:\/\/www.sudoestehoje.com.br\/novoportal\/wp-json\/wp\/v2\/media?parent=13024"}],"wp:term":[{"taxonomy":"category","embeddable":true,"href":"https:\/\/www.sudoestehoje.com.br\/novoportal\/wp-json\/wp\/v2\/categories?post=13024"},{"taxonomy":"post_tag","embeddable":true,"href":"https:\/\/www.sudoestehoje.com.br\/novoportal\/wp-json\/wp\/v2\/tags?post=13024"}],"curies":[{"name":"wp","href":"https:\/\/api.w.org\/{rel}","templated":true}]}}