
{"id":13018,"date":"2012-02-16T22:20:39","date_gmt":"2012-02-17T01:20:39","guid":{"rendered":"http:\/\/www.sudoestehoje.com.br\/novoportal\/?p=13018"},"modified":"2012-02-16T22:20:39","modified_gmt":"2012-02-17T01:20:39","slug":"supremo-decide-que-ficha-limpa-vale-para-as-eleicoes-deste-ano","status":"publish","type":"post","link":"https:\/\/www.sudoestehoje.com.br\/novoportal\/2012\/02\/16\/supremo-decide-que-ficha-limpa-vale-para-as-eleicoes-deste-ano\/","title":{"rendered":"SUPREMO DECIDE QUE &#8216;FICHA LIMPA&#8217; VALE PARA AS ELEI\u00c7\u00d5ES DESTE ANO"},"content":{"rendered":"<p><img loading=\"lazy\" decoding=\"async\" class=\"aligncenter\" src=\"http:\/\/www.pbagora.com.br\/ew3press\/conteudo\/20120215145158.jpg\" alt=\"\" width=\"400\" height=\"300\" \/><\/p>\n<p style=\"text-align: center;\"><em>Por 7 votos a 4, STF decide que &#8216;ficha suja&#8217; n\u00e3o disputa elei\u00e7\u00e3o este ano<\/em><\/p>\n<p>&nbsp;<\/p>\n<p>A Lei da Ficha Limpa, que pro\u00edbe pol\u00edticos condenados pela justi\u00e7a de se candidatarem, alcan\u00e7ou a maioria dos votos dos ministros e foi aprovada pelo Supremo Tribunal Federal (STF), na noite dessa quinta (16). Por 7 votos a favor e 4 contra, a lei foi considerada constitucional e vale para o pleito desse ano.<\/p>\n<p>Agora validada, a Lei da Ficha Limpa vai tirar muita gente das elei\u00e7\u00f5es municipais. O texto\u00a0determina a inelegibilidade, por oito anos, de pol\u00edticos condenados em segunda inst\u00e2ncia, cassados ou que tenham renunciado para evitar a cassa\u00e7\u00e3o.<\/p>\n<p>Prefeitos ou presidentes de c\u00e2maras que tiveram as contas reprovadas pelo TCM, e pretendem se candidatar esse ano, podem ser barrados pela nova lei.<\/p>\n","protected":false},"excerpt":{"rendered":"<p>Por 7 votos a 4, STF decide que &#8216;ficha suja&#8217; n\u00e3o disputa elei\u00e7\u00e3o este ano &nbsp; A Lei da Ficha Limpa, que pro\u00edbe pol\u00edticos condenados pela justi\u00e7a de se candidatarem, alcan\u00e7ou a maioria dos votos dos ministros e foi aprovada pelo Supremo Tribunal Federal (STF), na noite dessa quinta (16). Por 7 votos a favor [&hellip;]<\/p>\n","protected":false},"author":2,"featured_media":0,"comment_status":"open","ping_status":"open","sticky":false,"template":"","format":"standard","meta":{"footnotes":"","_links_to":"","_links_to_target":""},"categories":[1],"tags":[],"class_list":["post-13018","post","type-post","status-publish","format-standard","hentry","category-geral"],"views":1248,"_links":{"self":[{"href":"https:\/\/www.sudoestehoje.com.br\/novoportal\/wp-json\/wp\/v2\/posts\/13018","targetHints":{"allow":["GET"]}}],"collection":[{"href":"https:\/\/www.sudoestehoje.com.br\/novoportal\/wp-json\/wp\/v2\/posts"}],"about":[{"href":"https:\/\/www.sudoestehoje.com.br\/novoportal\/wp-json\/wp\/v2\/types\/post"}],"author":[{"embeddable":true,"href":"https:\/\/www.sudoestehoje.com.br\/novoportal\/wp-json\/wp\/v2\/users\/2"}],"replies":[{"embeddable":true,"href":"https:\/\/www.sudoestehoje.com.br\/novoportal\/wp-json\/wp\/v2\/comments?post=13018"}],"version-history":[{"count":3,"href":"https:\/\/www.sudoestehoje.com.br\/novoportal\/wp-json\/wp\/v2\/posts\/13018\/revisions"}],"predecessor-version":[{"id":13021,"href":"https:\/\/www.sudoestehoje.com.br\/novoportal\/wp-json\/wp\/v2\/posts\/13018\/revisions\/13021"}],"wp:attachment":[{"href":"https:\/\/www.sudoestehoje.com.br\/novoportal\/wp-json\/wp\/v2\/media?parent=13018"}],"wp:term":[{"taxonomy":"category","embeddable":true,"href":"https:\/\/www.sudoestehoje.com.br\/novoportal\/wp-json\/wp\/v2\/categories?post=13018"},{"taxonomy":"post_tag","embeddable":true,"href":"https:\/\/www.sudoestehoje.com.br\/novoportal\/wp-json\/wp\/v2\/tags?post=13018"}],"curies":[{"name":"wp","href":"https:\/\/api.w.org\/{rel}","templated":true}]}}