
{"id":13012,"date":"2012-02-16T20:11:08","date_gmt":"2012-02-16T23:11:08","guid":{"rendered":"http:\/\/www.sudoestehoje.com.br\/novoportal\/?p=13012"},"modified":"2012-02-16T20:11:08","modified_gmt":"2012-02-16T23:11:08","slug":"panico-na-tv-vai-para-a-band","status":"publish","type":"post","link":"https:\/\/www.sudoestehoje.com.br\/novoportal\/2012\/02\/16\/panico-na-tv-vai-para-a-band\/","title":{"rendered":"&#8216;P\u00c2NICO NA TV&#8217; VAI PARA A BAND"},"content":{"rendered":"<p><img decoding=\"async\" class=\"aligncenter\" src=\"http:\/\/www.correio24horas.com.br\/uploads\/RTEmagicC_4a3114593f.jpeg.jpeg\" alt=\"\" width=\"400\" \/><\/p>\n<p>&nbsp;<\/p>\n<p>O programa \u201cP\u00e2nico na TV\u201d n\u00e3o passar\u00e1 mais da Rede TV!. Dentro de um m\u00eas, o humor\u00edstico vai estrear na Band. Representantes do P\u00e2nico ficaram reunidos com diretores da Band e fecharam o contrato na manh\u00e3 desta quinta-feira (16).<\/p>\n<p>O formato e o hor\u00e1rio \u2013 noites de domingo &#8211; ser\u00e3o mantidos. Segundo a Folha.com, as novidades ficar\u00e3o por conta do cen\u00e1rio do programa e eventualmente de algum quadro ainda in\u00e9dito.<\/p>\n<p>A Band e a Rede TV! ainda n\u00e3o se pronunciaram sobre o acordo. Os humoristas devem estrear em mar\u00e7o na nova emissora.<\/p>\n","protected":false},"excerpt":{"rendered":"<p>&nbsp; O programa \u201cP\u00e2nico na TV\u201d n\u00e3o passar\u00e1 mais da Rede TV!. Dentro de um m\u00eas, o humor\u00edstico vai estrear na Band. Representantes do P\u00e2nico ficaram reunidos com diretores da Band e fecharam o contrato na manh\u00e3 desta quinta-feira (16). O formato e o hor\u00e1rio \u2013 noites de domingo &#8211; ser\u00e3o mantidos. Segundo a Folha.com, [&hellip;]<\/p>\n","protected":false},"author":2,"featured_media":0,"comment_status":"open","ping_status":"open","sticky":false,"template":"","format":"standard","meta":{"footnotes":"","_links_to":"","_links_to_target":""},"categories":[1],"tags":[],"class_list":["post-13012","post","type-post","status-publish","format-standard","hentry","category-geral"],"views":1138,"_links":{"self":[{"href":"https:\/\/www.sudoestehoje.com.br\/novoportal\/wp-json\/wp\/v2\/posts\/13012","targetHints":{"allow":["GET"]}}],"collection":[{"href":"https:\/\/www.sudoestehoje.com.br\/novoportal\/wp-json\/wp\/v2\/posts"}],"about":[{"href":"https:\/\/www.sudoestehoje.com.br\/novoportal\/wp-json\/wp\/v2\/types\/post"}],"author":[{"embeddable":true,"href":"https:\/\/www.sudoestehoje.com.br\/novoportal\/wp-json\/wp\/v2\/users\/2"}],"replies":[{"embeddable":true,"href":"https:\/\/www.sudoestehoje.com.br\/novoportal\/wp-json\/wp\/v2\/comments?post=13012"}],"version-history":[{"count":3,"href":"https:\/\/www.sudoestehoje.com.br\/novoportal\/wp-json\/wp\/v2\/posts\/13012\/revisions"}],"predecessor-version":[{"id":13015,"href":"https:\/\/www.sudoestehoje.com.br\/novoportal\/wp-json\/wp\/v2\/posts\/13012\/revisions\/13015"}],"wp:attachment":[{"href":"https:\/\/www.sudoestehoje.com.br\/novoportal\/wp-json\/wp\/v2\/media?parent=13012"}],"wp:term":[{"taxonomy":"category","embeddable":true,"href":"https:\/\/www.sudoestehoje.com.br\/novoportal\/wp-json\/wp\/v2\/categories?post=13012"},{"taxonomy":"post_tag","embeddable":true,"href":"https:\/\/www.sudoestehoje.com.br\/novoportal\/wp-json\/wp\/v2\/tags?post=13012"}],"curies":[{"name":"wp","href":"https:\/\/api.w.org\/{rel}","templated":true}]}}