
{"id":13006,"date":"2012-02-16T19:31:59","date_gmt":"2012-02-16T22:31:59","guid":{"rendered":"http:\/\/www.sudoestehoje.com.br\/novoportal\/?p=13006"},"modified":"2012-02-16T19:31:59","modified_gmt":"2012-02-16T22:31:59","slug":"o-fim-melancolico-do-poderoso-ricardo-teixeira","status":"publish","type":"post","link":"https:\/\/www.sudoestehoje.com.br\/novoportal\/2012\/02\/16\/o-fim-melancolico-do-poderoso-ricardo-teixeira\/","title":{"rendered":"O FIM MELANC\u00d3LICO DO PODEROSO RICARDO TEIXEIRA"},"content":{"rendered":"<p><img decoding=\"async\" class=\"aligncenter\" src=\"http:\/\/www.bahia247.com.br\/get_img?ImageWidth=651&amp;ImageId=18325\" alt=\"O fim melanc\u00f3lico de Ricardo Teixeira\" width=\"400\" \/><\/p>\n<p>&nbsp;<\/p>\n<p>Esta quinta-feira, v\u00e9spera de carnaval, poder\u00e1 ser hist\u00f3rica para o futebol brasileiro. No Rio de Janeiro \u00e9 dado como certo que Ricardo Teixeira renunciar\u00e1 \u00e0 presid\u00eancia da CBF. Segundo o blogueiro Claudio Humberto, seus assessores e amigos mais pr\u00f3ximos perceberam que era iminente sua sa\u00edda quando ele voltou sozinho de suas f\u00e9rias de fim de ano na casa que mant\u00e9m em Boca Raton, Miami: permaneceram l\u00e1 sua mulher e a filha de 11 anos, devidamente matriculada em uma escola norte-americana.<\/p>\n<p>O motivo seria uma nova acusa\u00e7\u00e3o de receber propina. Desta vez, n\u00e3o foram os milh\u00f5es da ISL. A Pol\u00edcia Civil em Bras\u00edlia encontrou cheques de R$ 10 mil ao presidente da CBF emitidos por Vanessa Precht, uma das s\u00f3cias da empresa suspeita de ter superfaturado amistoso da sele\u00e7\u00e3o brasileira. O jogo foi bancado por R$ 8,5 milh\u00f5es em dinheiro p\u00fablico.<!--more--><\/p>\n<p>Um contrato entre Vanessa e Teixeira, de mar\u00e7o de 2009, estabelece um arrendamento da fazenda dele, em Pira\u00ed, a cerca de 80 km do Rio, para a s\u00f3cia da Ailanto.<\/p>\n<p>Com a descoberta dos cheques nominais emitidos por Vanessa, a pol\u00edcia concluiu que h\u00e1 um v\u00ednculo entre Teixeira e a Ailanto, que organizou o amistoso da sele\u00e7\u00e3o contra Portugal, em 2008. O jogo foi bancado por R$ 8,5 milh\u00f5es em dinheiro p\u00fablico.<\/p>\n<p>Por meio de sua assessoria de imprensa, Ricardo Teixeira afirmou que o contrato de arrendamento de suas terras para Vanessa n\u00e3o tem v\u00ednculo com o amistoso entre a sele\u00e7\u00e3o brasileira e Portugal. Questionada sobre os cheques dela para o dirigente, a assessoria afirmou que todo neg\u00f3cio da cess\u00e3o de terras foi &#8220;legal e declarado no Imposto de Renda&#8221;.<\/p>\n<p>Segundo a assessoria, a CBF n\u00e3o tem rela\u00e7\u00e3o com o amistoso de Portugal porque este havia sido cedido \u00e0 Ambev, patrocinadora da entidade que tem direito a uma partida anual. A Ambev recebeu R$ 1,5 milh\u00e3o dos organizadores da partida, segundo a CBF, em janeiro de 2009.&#8221;A confedera\u00e7\u00e3o n\u00e3o recebeu um centavo pela partida&#8221;, afirmou a assessoria.<\/p>\n<p>Por meio de sua secret\u00e1ria, o advogado de Vanessa Precht, Demian Guedes, voltou a dizer que sua cliente n\u00e3o se pronunciaria sobre quest\u00f5es sobre o amistoso.Mais uma vez, ningu\u00e9m atendeu os telefones da Ailanto, com sede na Barra da Tijuca, no Rio.<\/p>\n<p>Sem o apoio da Fifa, Teixeira perdeu poder e influ\u00eancia e sabe que dificilmente escapa dessa. A principal tese \u00e9 que, com a descoberta das novas irregularidades, ele acordou com autoridades do Governo sua ren\u00fancia para n\u00e3o ser preso.<\/p>\n<p>Isolado, deixou de ser interlocutor at\u00e9 da Rede Globo para negociar direitos de transmiss\u00e3o da Copa de 2018 e 2022. Adoentado e estressado, resolveu mudar o estilo de vida. At\u00e9 j\u00e1 perdeu 30 kg, ap\u00f3s uma dieta rigorosa.<\/p>\n<p>Jos\u00e9 Maria Marin, 80, ser\u00e1 sucessor por ser o vice mais velho da CBF. A ren\u00fancia de Ricardo Teixeira abrir\u00e1 a possibilidade de uma elei\u00e7\u00e3o nos pr\u00f3ximos 90 dias. A princ\u00edpio dois presidentes de Federa\u00e7\u00e3o querem brigar pelo cargo: Marco Pollo Del Nero, da Federa\u00e7\u00e3o Paulista e Rubens Lopes da Costa Filho, da Federa\u00e7\u00e3o Carioca. Mas outros nomes poder\u00e3o surgir, principalmente no Nordeste onde o poder dos presidentes da Federa\u00e7\u00f5es vem aumentando a cada dia com muitos tendo rela\u00e7\u00e3o direta com o Governo Federal. (Com informa\u00e7\u00f5es da Folha)<\/p>\n","protected":false},"excerpt":{"rendered":"<p>&nbsp; Esta quinta-feira, v\u00e9spera de carnaval, poder\u00e1 ser hist\u00f3rica para o futebol brasileiro. No Rio de Janeiro \u00e9 dado como certo que Ricardo Teixeira renunciar\u00e1 \u00e0 presid\u00eancia da CBF. Segundo o blogueiro Claudio Humberto, seus assessores e amigos mais pr\u00f3ximos perceberam que era iminente sua sa\u00edda quando ele voltou sozinho de suas f\u00e9rias de fim [&hellip;]<\/p>\n","protected":false},"author":2,"featured_media":0,"comment_status":"open","ping_status":"open","sticky":false,"template":"","format":"standard","meta":{"footnotes":"","_links_to":"","_links_to_target":""},"categories":[1],"tags":[],"class_list":["post-13006","post","type-post","status-publish","format-standard","hentry","category-geral"],"views":1105,"_links":{"self":[{"href":"https:\/\/www.sudoestehoje.com.br\/novoportal\/wp-json\/wp\/v2\/posts\/13006","targetHints":{"allow":["GET"]}}],"collection":[{"href":"https:\/\/www.sudoestehoje.com.br\/novoportal\/wp-json\/wp\/v2\/posts"}],"about":[{"href":"https:\/\/www.sudoestehoje.com.br\/novoportal\/wp-json\/wp\/v2\/types\/post"}],"author":[{"embeddable":true,"href":"https:\/\/www.sudoestehoje.com.br\/novoportal\/wp-json\/wp\/v2\/users\/2"}],"replies":[{"embeddable":true,"href":"https:\/\/www.sudoestehoje.com.br\/novoportal\/wp-json\/wp\/v2\/comments?post=13006"}],"version-history":[{"count":5,"href":"https:\/\/www.sudoestehoje.com.br\/novoportal\/wp-json\/wp\/v2\/posts\/13006\/revisions"}],"predecessor-version":[{"id":13011,"href":"https:\/\/www.sudoestehoje.com.br\/novoportal\/wp-json\/wp\/v2\/posts\/13006\/revisions\/13011"}],"wp:attachment":[{"href":"https:\/\/www.sudoestehoje.com.br\/novoportal\/wp-json\/wp\/v2\/media?parent=13006"}],"wp:term":[{"taxonomy":"category","embeddable":true,"href":"https:\/\/www.sudoestehoje.com.br\/novoportal\/wp-json\/wp\/v2\/categories?post=13006"},{"taxonomy":"post_tag","embeddable":true,"href":"https:\/\/www.sudoestehoje.com.br\/novoportal\/wp-json\/wp\/v2\/tags?post=13006"}],"curies":[{"name":"wp","href":"https:\/\/api.w.org\/{rel}","templated":true}]}}