
{"id":12998,"date":"2012-02-16T07:48:36","date_gmt":"2012-02-16T10:48:36","guid":{"rendered":"http:\/\/www.sudoestehoje.com.br\/novoportal\/?p=12998"},"modified":"2012-02-16T07:53:19","modified_gmt":"2012-02-16T10:53:19","slug":"zenobio-deve-cair-por-nepotismo","status":"publish","type":"post","link":"https:\/\/www.sudoestehoje.com.br\/novoportal\/2012\/02\/16\/zenobio-deve-cair-por-nepotismo\/","title":{"rendered":"ZEN\u00d3BIO DEVE CAIR POR &#8216;NEPOTISMO&#8217;"},"content":{"rendered":"<p><img decoding=\"async\" class=\"aligncenter\" src=\"http:\/\/falaitapetinga.hospedagemdesites.ws\/wp-content\/uploads\/2012\/02\/Sem-t%C3%ADtulo-11-1024x793.jpg\" alt=\"Zen\u00f3bio Cerqueira\" width=\"400\" \/><\/p>\n<p>&nbsp;<\/p>\n<p>ITAPETINGA: Em decorr\u00eancia de uma den\u00fancia protocolada no Minist\u00e9rio P\u00fablico pel Sindicato dos Servidores Municipais, a promotora p\u00fablica Gen\u00edsia Oliveira, solicitou ao\u00a0Sindicato os nomes dos que hoje\u00a0comp\u00f5em\u00a0todo o &#8216;nepotismo&#8217; na Prefeitura de Itapetinga. Segundo o presidente do sindicato, \u00a0as certid\u00f5es de nascimento comprovando os &#8216;parentescos&#8217;, dos denunciados ser\u00e3o providenciadas e encaminhadas ao MP, para comprovar que o secret\u00e1rio Zen\u00f3bio Cirqueira \u00e9 irm\u00e3o biol\u00f3gico do prefeito Z\u00e9 Carlos Moura, e que vai pedir a exonera\u00e7\u00e3o do Secret\u00e1rio municipal da Fazenda. \u00a0Veja abaixo a solicita\u00e7\u00e3o feita pelo\u00a0Minist\u00e9rio\u00a0P\u00fablico.<!--more--><\/p>\n<p><em>&#8220;Oficio N\u00ba 13<\/em><br \/>\n<em>Ano de 2012<\/em><br \/>\n<em>Estado da Bahia<\/em><br \/>\n<em>Itapetinga, 31 de janeiro de 2012<\/em><\/p>\n<p><em>Prezado Senhor,<\/em><\/p>\n<p><em>Cumprimentando-o,\u00a0cordialmente, solicito de Vossa Senhoria, no prazo de 10 (dez) dias, nos termos do art. 2\u00ba, II \u00a0da Resolu\u00e7\u00e3o \u00a023 do Conselho Nacional do Minist\u00e9rio P\u00fablico, que proceda ao aditamento da representa\u00e7\u00e3o em \u00a0anexo, informando, com maior \u00a0clareza, os nomes dos parentes do gestor municipal que ocupam cargos p\u00fablicos, bem como decline os respectivos. Desta forma, a representa\u00e7\u00e3o tornar\u00e1 vi\u00e1vel a apura\u00e7\u00e3o dos fatos noticiados.<\/em><\/p>\n<p><em>Colho do ensejo renovar protestos de distinto respeito.<\/em><\/p>\n<p><em>Bel. Gen\u00edsia Oliveira<\/em><br \/>\n<em>3\u00aa Promotoria de Justi\u00e7a&#8221;<\/em><\/p>\n<p>Informa\u00e7\u00f5es do Tribuna de Itapetinga<\/p>\n","protected":false},"excerpt":{"rendered":"<p>&nbsp; ITAPETINGA: Em decorr\u00eancia de uma den\u00fancia protocolada no Minist\u00e9rio P\u00fablico pel Sindicato dos Servidores Municipais, a promotora p\u00fablica Gen\u00edsia Oliveira, solicitou ao\u00a0Sindicato os nomes dos que hoje\u00a0comp\u00f5em\u00a0todo o &#8216;nepotismo&#8217; na Prefeitura de Itapetinga. Segundo o presidente do sindicato, \u00a0as certid\u00f5es de nascimento comprovando os &#8216;parentescos&#8217;, dos denunciados ser\u00e3o providenciadas e encaminhadas ao MP, para [&hellip;]<\/p>\n","protected":false},"author":2,"featured_media":0,"comment_status":"open","ping_status":"open","sticky":false,"template":"","format":"standard","meta":{"footnotes":"","_links_to":"","_links_to_target":""},"categories":[1],"tags":[],"class_list":["post-12998","post","type-post","status-publish","format-standard","hentry","category-geral"],"views":1630,"_links":{"self":[{"href":"https:\/\/www.sudoestehoje.com.br\/novoportal\/wp-json\/wp\/v2\/posts\/12998","targetHints":{"allow":["GET"]}}],"collection":[{"href":"https:\/\/www.sudoestehoje.com.br\/novoportal\/wp-json\/wp\/v2\/posts"}],"about":[{"href":"https:\/\/www.sudoestehoje.com.br\/novoportal\/wp-json\/wp\/v2\/types\/post"}],"author":[{"embeddable":true,"href":"https:\/\/www.sudoestehoje.com.br\/novoportal\/wp-json\/wp\/v2\/users\/2"}],"replies":[{"embeddable":true,"href":"https:\/\/www.sudoestehoje.com.br\/novoportal\/wp-json\/wp\/v2\/comments?post=12998"}],"version-history":[{"count":4,"href":"https:\/\/www.sudoestehoje.com.br\/novoportal\/wp-json\/wp\/v2\/posts\/12998\/revisions"}],"predecessor-version":[{"id":13001,"href":"https:\/\/www.sudoestehoje.com.br\/novoportal\/wp-json\/wp\/v2\/posts\/12998\/revisions\/13001"}],"wp:attachment":[{"href":"https:\/\/www.sudoestehoje.com.br\/novoportal\/wp-json\/wp\/v2\/media?parent=12998"}],"wp:term":[{"taxonomy":"category","embeddable":true,"href":"https:\/\/www.sudoestehoje.com.br\/novoportal\/wp-json\/wp\/v2\/categories?post=12998"},{"taxonomy":"post_tag","embeddable":true,"href":"https:\/\/www.sudoestehoje.com.br\/novoportal\/wp-json\/wp\/v2\/tags?post=12998"}],"curies":[{"name":"wp","href":"https:\/\/api.w.org\/{rel}","templated":true}]}}