
{"id":12991,"date":"2012-02-16T07:17:44","date_gmt":"2012-02-16T10:17:44","guid":{"rendered":"http:\/\/www.sudoestehoje.com.br\/novoportal\/?p=12991"},"modified":"2012-02-16T07:21:02","modified_gmt":"2012-02-16T10:21:02","slug":"o-abate-clandestino-em-itororo","status":"publish","type":"post","link":"https:\/\/www.sudoestehoje.com.br\/novoportal\/2012\/02\/16\/o-abate-clandestino-em-itororo\/","title":{"rendered":"O ABATE CLANDESTINO EM ITOROR\u00d3"},"content":{"rendered":"<p style=\"text-align: center;\"><a href=\"http:\/\/www.sudoestehoje.com.br\/novoportal\/wp-content\/uploads\/2012\/02\/ABATE-CLANDESTINO-2.jpg\"><img decoding=\"async\" class=\"aligncenter size-full wp-image-12992\" title=\"ABATE CLANDESTINO 2\" src=\"http:\/\/www.sudoestehoje.com.br\/novoportal\/wp-content\/uploads\/2012\/02\/ABATE-CLANDESTINO-2.jpg\" alt=\"\" width=\"400\" \/><\/a><\/p>\n<p>Em resposta\u00a0a um coment\u00e1rio sobre quest\u00f5es que envolvem a nossa Carne-de-Sol e o abate clandestino de bovinos no nosso munic\u00edpio, no Blog Pol\u00edticos do Sul da Bahia, no ano passado,\u00a0o porta-voz do governo, Vald\u00edvio Morais que tem sido junto a R\u00e1dio Itapuy, leais defensores de um projeto de governo tatalmente feito na \u201cBistunta\u201d, sem a experi\u00eancia e a ci\u00eancia do Or\u00e7amento Participativo de que o PT elaborou, mas n\u00e3o\u00a0colocou em pr\u00e1tica. Abaixo, nota oficial sobre o assunto:<!--more--><\/p>\n<p><em>\u201cQuerido Alberto, parab\u00e9ns pela sua manifesta\u00e7\u00e3o, pois \u00e9 pertinente, realmente o abate clandestino \u00e9 um problema que afeta as cidades de pequeno porte do interior do Brasil e as autoridades P\u00fablicas precisam urgentemente corrigir esta falha que remonta d\u00e9cadas. O Deputado Rosemberg Pinto \u00e9 presidente da Comiss\u00e3o de Defesa do Consumidor e est\u00e1 \u00e0 frente de uma discuss\u00e3o com o Estado, Adabe, EBDA, Minist\u00e9rio P\u00fablico, Frigor\u00edficos, Associa\u00e7\u00f5es e sindicatos afins, buscando uma solu\u00e7\u00e3o definitiva para este problema. Quanto a sua preocupa\u00e7\u00e3o por Itoror\u00f3, parab\u00e9ns, pois mostra que temos mais pessoas interessadas em ajudar a resolver o problema e quero informar ao caro amigo, que j\u00e1 est\u00e1 em curso na SEAGRI um projeto para ainda este ano (2011), resolver o problema do abate clandestino em nosso munic\u00edpio e o prefeito municipal convocou os propriet\u00e1rios do Frigosol &#8211; frigorifico que est\u00e1 sendo constru\u00eddo em nosso munic\u00edpio, para que os mesmos retomassem a constru\u00e7\u00e3o do mesmo, sob pena de interven\u00e7\u00e3o estadual e municipal para resolver o problema e o resultado \u00e9 que j\u00e1 no m\u00eas de outubro\/2011, parte do problema ter\u00e1 solu\u00e7\u00e3o e o munic\u00edpio de Itoror\u00f3 receber\u00e1 j\u00e1 este ano o abate inspecionado e um mercado de carne que contemple as exig\u00eancias da portaria 304\/96 do Minist\u00e9rio da Agricultura. Mas, quero parabeniz\u00e1-lo pela preocupa\u00e7\u00e3o e dizer que o poder p\u00fablico sim \u00e9 respons\u00e1vel para nos fornecer condi\u00e7\u00f5es de vida digna de cidad\u00e3o que pagam impostos. V<\/em><em>amos continuar cobrando para que os pol\u00edticos fa\u00e7am valer nossos votos. O<\/em><em>brigado\u201d.<\/em><\/p>\n<p>&nbsp;<\/p>\n<p><em>Vald\u00edvio Morais<\/em><\/p>\n<p><em>Presidente do PSB Itoror\u00f3 <\/em><\/p>\n<p>&nbsp;<\/p>\n<p><strong><em>Milton Marinho<\/em><\/strong><strong><\/strong><\/p>\n<p>&nbsp;<\/p>\n","protected":false},"excerpt":{"rendered":"<p>Em resposta\u00a0a um coment\u00e1rio sobre quest\u00f5es que envolvem a nossa Carne-de-Sol e o abate clandestino de bovinos no nosso munic\u00edpio, no Blog Pol\u00edticos do Sul da Bahia, no ano passado,\u00a0o porta-voz do governo, Vald\u00edvio Morais que tem sido junto a R\u00e1dio Itapuy, leais defensores de um projeto de governo tatalmente feito na \u201cBistunta\u201d, sem a [&hellip;]<\/p>\n","protected":false},"author":2,"featured_media":0,"comment_status":"open","ping_status":"open","sticky":false,"template":"","format":"standard","meta":{"footnotes":"","_links_to":"","_links_to_target":""},"categories":[1],"tags":[],"class_list":["post-12991","post","type-post","status-publish","format-standard","hentry","category-geral"],"views":1237,"_links":{"self":[{"href":"https:\/\/www.sudoestehoje.com.br\/novoportal\/wp-json\/wp\/v2\/posts\/12991","targetHints":{"allow":["GET"]}}],"collection":[{"href":"https:\/\/www.sudoestehoje.com.br\/novoportal\/wp-json\/wp\/v2\/posts"}],"about":[{"href":"https:\/\/www.sudoestehoje.com.br\/novoportal\/wp-json\/wp\/v2\/types\/post"}],"author":[{"embeddable":true,"href":"https:\/\/www.sudoestehoje.com.br\/novoportal\/wp-json\/wp\/v2\/users\/2"}],"replies":[{"embeddable":true,"href":"https:\/\/www.sudoestehoje.com.br\/novoportal\/wp-json\/wp\/v2\/comments?post=12991"}],"version-history":[{"count":5,"href":"https:\/\/www.sudoestehoje.com.br\/novoportal\/wp-json\/wp\/v2\/posts\/12991\/revisions"}],"predecessor-version":[{"id":12996,"href":"https:\/\/www.sudoestehoje.com.br\/novoportal\/wp-json\/wp\/v2\/posts\/12991\/revisions\/12996"}],"wp:attachment":[{"href":"https:\/\/www.sudoestehoje.com.br\/novoportal\/wp-json\/wp\/v2\/media?parent=12991"}],"wp:term":[{"taxonomy":"category","embeddable":true,"href":"https:\/\/www.sudoestehoje.com.br\/novoportal\/wp-json\/wp\/v2\/categories?post=12991"},{"taxonomy":"post_tag","embeddable":true,"href":"https:\/\/www.sudoestehoje.com.br\/novoportal\/wp-json\/wp\/v2\/tags?post=12991"}],"curies":[{"name":"wp","href":"https:\/\/api.w.org\/{rel}","templated":true}]}}