
{"id":12988,"date":"2012-02-16T06:55:44","date_gmt":"2012-02-16T09:55:44","guid":{"rendered":"http:\/\/www.sudoestehoje.com.br\/novoportal\/?p=12988"},"modified":"2012-02-16T06:55:44","modified_gmt":"2012-02-16T09:55:44","slug":"horario-de-verao-so-termina-no-dia-26-de-fevereiro","status":"publish","type":"post","link":"https:\/\/www.sudoestehoje.com.br\/novoportal\/2012\/02\/16\/horario-de-verao-so-termina-no-dia-26-de-fevereiro\/","title":{"rendered":"HOR\u00c1RIO DE VER\u00c3O S\u00d3 TERMINA NO DIA 26 DE FEVEREIRO"},"content":{"rendered":"<p><img loading=\"lazy\" decoding=\"async\" class=\"aligncenter\" src=\"http:\/\/www.correiodeuberlandia.com.br\/wp-uploads\/2011\/10\/horario-de-verao2.jpg\" alt=\"\" width=\"400\" height=\"300\" \/><\/p>\n<p>&nbsp;<\/p>\n<p>O t\u00e9rmino do hor\u00e1rio de ver\u00e3o, que estava previsto para o dia 19 de fevereiro, foi adiado para o pr\u00f3ximo dia 26 devido ao Carnaval. Desde 2008 que o decreto prev\u00ea a mudan\u00e7a caso o terceiro domingo de fevereiro coincida com a festa. Com essa prorroga\u00e7\u00e3o, esse ser\u00e1 o mais longo per\u00edodo da medida desde 1985. No total, 133 dias se passar\u00e3o com o ponteiro do rel\u00f3gio adiantado em uma hora. A Bahia voltou a participar do hor\u00e1rio de ver\u00e3o e foi o \u00fanico estado do Nordeste a adotar a medida. Al\u00e9m dos baianos, brasileiros das regi\u00f5es Sul, Sudeste e Centro-Oeste do pa\u00eds, al\u00e9m de Distrito Federal, tamb\u00e9m mexeram nos ponteiros dos rel\u00f3gios.<\/p>\n","protected":false},"excerpt":{"rendered":"<p>&nbsp; O t\u00e9rmino do hor\u00e1rio de ver\u00e3o, que estava previsto para o dia 19 de fevereiro, foi adiado para o pr\u00f3ximo dia 26 devido ao Carnaval. Desde 2008 que o decreto prev\u00ea a mudan\u00e7a caso o terceiro domingo de fevereiro coincida com a festa. Com essa prorroga\u00e7\u00e3o, esse ser\u00e1 o mais longo per\u00edodo da medida [&hellip;]<\/p>\n","protected":false},"author":2,"featured_media":0,"comment_status":"open","ping_status":"open","sticky":false,"template":"","format":"standard","meta":{"footnotes":"","_links_to":"","_links_to_target":""},"categories":[1],"tags":[],"class_list":["post-12988","post","type-post","status-publish","format-standard","hentry","category-geral"],"views":1133,"_links":{"self":[{"href":"https:\/\/www.sudoestehoje.com.br\/novoportal\/wp-json\/wp\/v2\/posts\/12988","targetHints":{"allow":["GET"]}}],"collection":[{"href":"https:\/\/www.sudoestehoje.com.br\/novoportal\/wp-json\/wp\/v2\/posts"}],"about":[{"href":"https:\/\/www.sudoestehoje.com.br\/novoportal\/wp-json\/wp\/v2\/types\/post"}],"author":[{"embeddable":true,"href":"https:\/\/www.sudoestehoje.com.br\/novoportal\/wp-json\/wp\/v2\/users\/2"}],"replies":[{"embeddable":true,"href":"https:\/\/www.sudoestehoje.com.br\/novoportal\/wp-json\/wp\/v2\/comments?post=12988"}],"version-history":[{"count":2,"href":"https:\/\/www.sudoestehoje.com.br\/novoportal\/wp-json\/wp\/v2\/posts\/12988\/revisions"}],"predecessor-version":[{"id":12990,"href":"https:\/\/www.sudoestehoje.com.br\/novoportal\/wp-json\/wp\/v2\/posts\/12988\/revisions\/12990"}],"wp:attachment":[{"href":"https:\/\/www.sudoestehoje.com.br\/novoportal\/wp-json\/wp\/v2\/media?parent=12988"}],"wp:term":[{"taxonomy":"category","embeddable":true,"href":"https:\/\/www.sudoestehoje.com.br\/novoportal\/wp-json\/wp\/v2\/categories?post=12988"},{"taxonomy":"post_tag","embeddable":true,"href":"https:\/\/www.sudoestehoje.com.br\/novoportal\/wp-json\/wp\/v2\/tags?post=12988"}],"curies":[{"name":"wp","href":"https:\/\/api.w.org\/{rel}","templated":true}]}}