
{"id":12982,"date":"2012-02-16T06:49:09","date_gmt":"2012-02-16T09:49:09","guid":{"rendered":"http:\/\/www.sudoestehoje.com.br\/novoportal\/?p=12982"},"modified":"2012-02-16T06:50:10","modified_gmt":"2012-02-16T09:50:10","slug":"ex-pm-que-que-prometeu-incendiar-carretas-e-preso-pela-pf","status":"publish","type":"post","link":"https:\/\/www.sudoestehoje.com.br\/novoportal\/2012\/02\/16\/ex-pm-que-que-prometeu-incendiar-carretas-e-preso-pela-pf\/","title":{"rendered":"EX-PM QUE QUE PROMETEU INCENDIAR CARRETAS \u00c9 PRESO PELA PF"},"content":{"rendered":"<p><img decoding=\"async\" class=\"aligncenter\" src=\"http:\/\/www.bahianoticias.com.br\/fotos\/principal_noticias\/111218\/IMAGEM_NOTICIA_3.jpg\" alt=\"Ex-PM que prometeu queimar carretas \u00e9 preso pela PF em Conquista\" width=\"300\" \/><\/p>\n<p style=\"text-align: center;\">\u00a0<em>David Salom\u00e3o foi preso pela Pol\u00edcia Federal<\/em><\/p>\n<p>&nbsp;<\/p>\n<p>CONQUISTA: A Pol\u00edcia Federal (PF) prendeu, no in\u00edcio da noite desta quarta-feira (15), o ex-policial militar e atual advogado, David Salom\u00e3o, em Vit\u00f3ria da Conquista, no sudoeste baiano. Salom\u00e3o foi flagrado em conversas, gravadas com autoriza\u00e7\u00e3o da Justi\u00e7a, com o l\u00edder do movimento grevista Marco Prisco\u00a0<a href=\"http:\/\/www.bahianoticias.com.br\/principal\/noticia\/110852-gravacao-mostra-marco-prisco-combinando-acoes-de-vandalismo-na-ba.html\" target=\"_blank\">(ver aqui)<\/a>. Nas escutas telef\u00f4nicas, ele prometia queimar carretas na BR-242 (Rio\/Bahia), para bloquear o tr\u00e2nsito. O ex-militar ser\u00e1 recolhido ao pres\u00eddio local e depois encaminhado para uma unidade prisional, em Salvador, ainda n\u00e3o revelada. BN<\/p>\n","protected":false},"excerpt":{"rendered":"<p>\u00a0David Salom\u00e3o foi preso pela Pol\u00edcia Federal &nbsp; CONQUISTA: A Pol\u00edcia Federal (PF) prendeu, no in\u00edcio da noite desta quarta-feira (15), o ex-policial militar e atual advogado, David Salom\u00e3o, em Vit\u00f3ria da Conquista, no sudoeste baiano. Salom\u00e3o foi flagrado em conversas, gravadas com autoriza\u00e7\u00e3o da Justi\u00e7a, com o l\u00edder do movimento grevista Marco Prisco\u00a0(ver aqui). [&hellip;]<\/p>\n","protected":false},"author":2,"featured_media":0,"comment_status":"open","ping_status":"open","sticky":false,"template":"","format":"standard","meta":{"footnotes":"","_links_to":"","_links_to_target":""},"categories":[1],"tags":[],"class_list":["post-12982","post","type-post","status-publish","format-standard","hentry","category-geral"],"views":1495,"_links":{"self":[{"href":"https:\/\/www.sudoestehoje.com.br\/novoportal\/wp-json\/wp\/v2\/posts\/12982","targetHints":{"allow":["GET"]}}],"collection":[{"href":"https:\/\/www.sudoestehoje.com.br\/novoportal\/wp-json\/wp\/v2\/posts"}],"about":[{"href":"https:\/\/www.sudoestehoje.com.br\/novoportal\/wp-json\/wp\/v2\/types\/post"}],"author":[{"embeddable":true,"href":"https:\/\/www.sudoestehoje.com.br\/novoportal\/wp-json\/wp\/v2\/users\/2"}],"replies":[{"embeddable":true,"href":"https:\/\/www.sudoestehoje.com.br\/novoportal\/wp-json\/wp\/v2\/comments?post=12982"}],"version-history":[{"count":5,"href":"https:\/\/www.sudoestehoje.com.br\/novoportal\/wp-json\/wp\/v2\/posts\/12982\/revisions"}],"predecessor-version":[{"id":12987,"href":"https:\/\/www.sudoestehoje.com.br\/novoportal\/wp-json\/wp\/v2\/posts\/12982\/revisions\/12987"}],"wp:attachment":[{"href":"https:\/\/www.sudoestehoje.com.br\/novoportal\/wp-json\/wp\/v2\/media?parent=12982"}],"wp:term":[{"taxonomy":"category","embeddable":true,"href":"https:\/\/www.sudoestehoje.com.br\/novoportal\/wp-json\/wp\/v2\/categories?post=12982"},{"taxonomy":"post_tag","embeddable":true,"href":"https:\/\/www.sudoestehoje.com.br\/novoportal\/wp-json\/wp\/v2\/tags?post=12982"}],"curies":[{"name":"wp","href":"https:\/\/api.w.org\/{rel}","templated":true}]}}