
{"id":12973,"date":"2012-02-15T07:27:20","date_gmt":"2012-02-15T10:27:20","guid":{"rendered":"http:\/\/www.sudoestehoje.com.br\/novoportal\/?p=12973"},"modified":"2012-02-15T07:27:20","modified_gmt":"2012-02-15T10:27:20","slug":"jequie-justica-decreta-prisao-de-sete-pms-tres-sao-do-pt","status":"publish","type":"post","link":"https:\/\/www.sudoestehoje.com.br\/novoportal\/2012\/02\/15\/jequie-justica-decreta-prisao-de-sete-pms-tres-sao-do-pt\/","title":{"rendered":"JEQUI\u00c9: JUSTI\u00c7A DECRETA PRIS\u00c3O DE SETE PMs; TR\u00caS S\u00c3O DO PT"},"content":{"rendered":"<p style=\"text-align: center;\"><img decoding=\"async\" class=\"aligncenter\" src=\"http:\/\/www.bahianoticias.com.br\/fotos\/principal_noticias\/111151\/IMAGEM_NOTICIA_5.jpg\" alt=\"Jequi\u00e9: Justi\u00e7a decreta pris\u00e3o de sete PMs; tr\u00eas s\u00e3o petistas\" width=\"400\" \/><\/p>\n<p>&nbsp;<\/p>\n<p>JEQUI\u00c9: A Justi\u00e7a decretou nesta segunda-feira (13) a pris\u00e3o de sete policiais militares de Jequi\u00e9, no sul baiano, integrantes da Associa\u00e7\u00f5es de Policiais de Jequi\u00e9 e Regi\u00e3o Centro (Aspojer) e de Pra\u00e7as da Pol\u00edcia (APPM), que tamb\u00e9m cruzaram os bra\u00e7os durante a paralisa\u00e7\u00e3o da PM baiana. De acordo com o site Jequi\u00e9 Rep\u00f3rter, tr\u00eas deles, soldados Ideilton, Sales e Ronicley, s\u00e3o dirigentes do diret\u00f3rio municipal do PT. A Aspojer, que \u00e9 presidida pelo vereador petista Deyvison Batista, encaminhou nota \u00e0 imprensa, nesta ter\u00e7a (14), para comentar a decis\u00e3o de mandar prender os colegas. \u201cAgradecemos a todos pelo carinho demonstrado a n\u00f3s nesse momento dif\u00edcil. Salientamos que n\u00e3o fizemos nada de errado e que estamos pagando pela irresponsabilidade e vaidade dos nossos governantes que tentam a todo custo semear o medo nas pessoas de bem e que promovem a paz&#8221;, diz o texto. Agentes da Pol\u00edcia Federal (PF) tentam cumprir os mandados, mas ningu\u00e9m ainda foi preso. Os PMs do 19\u00ba Batalh\u00e3o em Jequi\u00e9 deflagraram greve no \u00faltimo dia 1\u00ba de fevereiro e chegaram a ocupar o pr\u00e9dio da C\u00e2mara de Vereadores do munic\u00edpio. Os grevistas ainda realizaram diversos protestos pelas ruas da cidade e encontros na Casa Legislativa municipal. Eles s\u00e3o acusados de forma\u00e7\u00e3o de quadrilha e apropria\u00e7\u00e3o de bem p\u00fablico.<\/p>\n","protected":false},"excerpt":{"rendered":"<p>&nbsp; JEQUI\u00c9: A Justi\u00e7a decretou nesta segunda-feira (13) a pris\u00e3o de sete policiais militares de Jequi\u00e9, no sul baiano, integrantes da Associa\u00e7\u00f5es de Policiais de Jequi\u00e9 e Regi\u00e3o Centro (Aspojer) e de Pra\u00e7as da Pol\u00edcia (APPM), que tamb\u00e9m cruzaram os bra\u00e7os durante a paralisa\u00e7\u00e3o da PM baiana. De acordo com o site Jequi\u00e9 Rep\u00f3rter, tr\u00eas [&hellip;]<\/p>\n","protected":false},"author":2,"featured_media":0,"comment_status":"open","ping_status":"open","sticky":false,"template":"","format":"standard","meta":{"footnotes":"","_links_to":"","_links_to_target":""},"categories":[1],"tags":[],"class_list":["post-12973","post","type-post","status-publish","format-standard","hentry","category-geral"],"views":1701,"_links":{"self":[{"href":"https:\/\/www.sudoestehoje.com.br\/novoportal\/wp-json\/wp\/v2\/posts\/12973","targetHints":{"allow":["GET"]}}],"collection":[{"href":"https:\/\/www.sudoestehoje.com.br\/novoportal\/wp-json\/wp\/v2\/posts"}],"about":[{"href":"https:\/\/www.sudoestehoje.com.br\/novoportal\/wp-json\/wp\/v2\/types\/post"}],"author":[{"embeddable":true,"href":"https:\/\/www.sudoestehoje.com.br\/novoportal\/wp-json\/wp\/v2\/users\/2"}],"replies":[{"embeddable":true,"href":"https:\/\/www.sudoestehoje.com.br\/novoportal\/wp-json\/wp\/v2\/comments?post=12973"}],"version-history":[{"count":3,"href":"https:\/\/www.sudoestehoje.com.br\/novoportal\/wp-json\/wp\/v2\/posts\/12973\/revisions"}],"predecessor-version":[{"id":12976,"href":"https:\/\/www.sudoestehoje.com.br\/novoportal\/wp-json\/wp\/v2\/posts\/12973\/revisions\/12976"}],"wp:attachment":[{"href":"https:\/\/www.sudoestehoje.com.br\/novoportal\/wp-json\/wp\/v2\/media?parent=12973"}],"wp:term":[{"taxonomy":"category","embeddable":true,"href":"https:\/\/www.sudoestehoje.com.br\/novoportal\/wp-json\/wp\/v2\/categories?post=12973"},{"taxonomy":"post_tag","embeddable":true,"href":"https:\/\/www.sudoestehoje.com.br\/novoportal\/wp-json\/wp\/v2\/tags?post=12973"}],"curies":[{"name":"wp","href":"https:\/\/api.w.org\/{rel}","templated":true}]}}