
{"id":12957,"date":"2012-02-14T07:40:49","date_gmt":"2012-02-14T10:40:49","guid":{"rendered":"http:\/\/www.sudoestehoje.com.br\/novoportal\/?p=12957"},"modified":"2012-02-14T07:41:37","modified_gmt":"2012-02-14T10:41:37","slug":"paralisacao-na-valedourado","status":"publish","type":"post","link":"https:\/\/www.sudoestehoje.com.br\/novoportal\/2012\/02\/14\/paralisacao-na-valedourado\/","title":{"rendered":"PARALISA\u00c7\u00c3O NA VALEDOURADO"},"content":{"rendered":"<p><img decoding=\"async\" class=\"aligncenter\" src=\"http:\/\/www.itapetinganet.com.br\/site\/fotos\/ilpisa%20manf%20fev%202012%202%20small.jpg\" alt=\"\" width=\"500\" \/><\/p>\n<p>&nbsp;<\/p>\n<p>ITAPETINGA: Funcion\u00e1rios da Valedourado protestaram nesta segunda-feira (13), na porta da f\u00e1brica, contra o atraso de sal\u00e1rios, suspens\u00e3o dos pagamentos do plano de sa\u00fade dos funcion\u00e1rios junto \u00e0 Unimed e cart\u00e3o Redemed. De acordo com o funcion\u00e1rio Juan Apolony, a empresa n\u00e3o est\u00e1 recolhendo em dia as contribui\u00e7\u00f5es previdenci\u00e1rias junto ao INSS, al\u00e9m de descumprir cl\u00e1usulas do acordo que firmou com os seus empregados anteriormente. Foto: Itapetinganet<\/p>\n<p><strong><em>Da Reda\u00e7\u00e3o<\/em><\/strong><\/p>\n","protected":false},"excerpt":{"rendered":"<p>&nbsp; ITAPETINGA: Funcion\u00e1rios da Valedourado protestaram nesta segunda-feira (13), na porta da f\u00e1brica, contra o atraso de sal\u00e1rios, suspens\u00e3o dos pagamentos do plano de sa\u00fade dos funcion\u00e1rios junto \u00e0 Unimed e cart\u00e3o Redemed. De acordo com o funcion\u00e1rio Juan Apolony, a empresa n\u00e3o est\u00e1 recolhendo em dia as contribui\u00e7\u00f5es previdenci\u00e1rias junto ao INSS, al\u00e9m de [&hellip;]<\/p>\n","protected":false},"author":2,"featured_media":0,"comment_status":"open","ping_status":"open","sticky":false,"template":"","format":"standard","meta":{"footnotes":"","_links_to":"","_links_to_target":""},"categories":[1],"tags":[],"class_list":["post-12957","post","type-post","status-publish","format-standard","hentry","category-geral"],"views":1219,"_links":{"self":[{"href":"https:\/\/www.sudoestehoje.com.br\/novoportal\/wp-json\/wp\/v2\/posts\/12957","targetHints":{"allow":["GET"]}}],"collection":[{"href":"https:\/\/www.sudoestehoje.com.br\/novoportal\/wp-json\/wp\/v2\/posts"}],"about":[{"href":"https:\/\/www.sudoestehoje.com.br\/novoportal\/wp-json\/wp\/v2\/types\/post"}],"author":[{"embeddable":true,"href":"https:\/\/www.sudoestehoje.com.br\/novoportal\/wp-json\/wp\/v2\/users\/2"}],"replies":[{"embeddable":true,"href":"https:\/\/www.sudoestehoje.com.br\/novoportal\/wp-json\/wp\/v2\/comments?post=12957"}],"version-history":[{"count":3,"href":"https:\/\/www.sudoestehoje.com.br\/novoportal\/wp-json\/wp\/v2\/posts\/12957\/revisions"}],"predecessor-version":[{"id":12960,"href":"https:\/\/www.sudoestehoje.com.br\/novoportal\/wp-json\/wp\/v2\/posts\/12957\/revisions\/12960"}],"wp:attachment":[{"href":"https:\/\/www.sudoestehoje.com.br\/novoportal\/wp-json\/wp\/v2\/media?parent=12957"}],"wp:term":[{"taxonomy":"category","embeddable":true,"href":"https:\/\/www.sudoestehoje.com.br\/novoportal\/wp-json\/wp\/v2\/categories?post=12957"},{"taxonomy":"post_tag","embeddable":true,"href":"https:\/\/www.sudoestehoje.com.br\/novoportal\/wp-json\/wp\/v2\/tags?post=12957"}],"curies":[{"name":"wp","href":"https:\/\/api.w.org\/{rel}","templated":true}]}}