
{"id":12954,"date":"2012-02-13T00:07:28","date_gmt":"2012-02-13T03:07:28","guid":{"rendered":"http:\/\/www.sudoestehoje.com.br\/novoportal\/?p=12954"},"modified":"2012-02-12T23:43:22","modified_gmt":"2012-02-13T02:43:22","slug":"matando-o-tempo-e-pagando-mico","status":"publish","type":"post","link":"https:\/\/www.sudoestehoje.com.br\/novoportal\/2012\/02\/13\/matando-o-tempo-e-pagando-mico\/","title":{"rendered":"MATANDO O TEMPO E PAGANDO &#8216;MICO&#8217;"},"content":{"rendered":"<p><img decoding=\"async\" class=\"aligncenter\" src=\"http:\/\/1.bp.blogspot.com\/-XERon0TDVA4\/TzRKkl1KlQI\/AAAAAAAAI0k\/h0rEEzvhiM4\/s1600\/DSC_0567.JPG\" alt=\"Foto: Tribuna de Itaptinga\" width=\"400\" \/><\/p>\n<p style=\"text-align: center;\">A &#8216;entrevista coletiva&#8217; de Z\u00e9 Carlos<\/p>\n<p>&nbsp;<\/p>\n<p>ITAPETINGA: Por absoluta falta do que fazer na prefeitura, j\u00e1 que o seu irm\u00e3o \u00e9 quem &#8216;cuida&#8217; da administra\u00e7\u00e3o do munic\u00edpio, o prefeito Z\u00e9 Carlos achou de convocar uma &#8216;entrevista coletiva&#8217; em seu gabinete, para falar das suas &#8216;realiza\u00e7\u00f5es&#8217;. Convidou alguns blogueiros e locutores mais &#8216;chegados&#8217; e come\u00e7ou a falar das &#8216;obras&#8217; que diz ( e pensa) estar realizando.<\/p>\n<p>Perguntado sobre a prov\u00e1vel constru\u00e7\u00e3o de uma passarela sobre o rio Catol\u00e9, ligando o Ponto Certo \u00e0s antigas hortas comunit\u00e1rias (Infeza Home), Z\u00e9 \u00a0demonstrou estar por fora e n\u00e3o sabia que uma verba de quase R$ 700 mil j\u00e1 havia sido liberada pelo Minist\u00e9rio das Cidades, atrav\u00e9s de Emenda Parlamentar. Pelo visto, ningu\u00e9m na prefeitura sabia da libera\u00e7\u00e3o da verba, ou sabiam e estavam dando uma de &#8216;Migu\u00e9&#8217;.<\/p>\n<p>Com a verba \u00e0 disposi\u00e7\u00e3o do executivo municipal, a comunidade aguarda agora a constru\u00e7\u00e3o da passarela do &#8216;Infeza Home&#8217;, um sonho antigo do ex-deputado Edgar M\u00e3o Branca, autor da emenda parlamentar. \u00a0Duvido que saia&#8230;<\/p>\n<p><strong><em>Por DAVI FERRAZ\u00a0<\/em><\/strong><\/p>\n","protected":false},"excerpt":{"rendered":"<p>A &#8216;entrevista coletiva&#8217; de Z\u00e9 Carlos &nbsp; ITAPETINGA: Por absoluta falta do que fazer na prefeitura, j\u00e1 que o seu irm\u00e3o \u00e9 quem &#8216;cuida&#8217; da administra\u00e7\u00e3o do munic\u00edpio, o prefeito Z\u00e9 Carlos achou de convocar uma &#8216;entrevista coletiva&#8217; em seu gabinete, para falar das suas &#8216;realiza\u00e7\u00f5es&#8217;. Convidou alguns blogueiros e locutores mais &#8216;chegados&#8217; e come\u00e7ou [&hellip;]<\/p>\n","protected":false},"author":2,"featured_media":0,"comment_status":"open","ping_status":"open","sticky":false,"template":"","format":"standard","meta":{"footnotes":"","_links_to":"","_links_to_target":""},"categories":[1],"tags":[],"class_list":["post-12954","post","type-post","status-publish","format-standard","hentry","category-geral"],"views":1310,"_links":{"self":[{"href":"https:\/\/www.sudoestehoje.com.br\/novoportal\/wp-json\/wp\/v2\/posts\/12954","targetHints":{"allow":["GET"]}}],"collection":[{"href":"https:\/\/www.sudoestehoje.com.br\/novoportal\/wp-json\/wp\/v2\/posts"}],"about":[{"href":"https:\/\/www.sudoestehoje.com.br\/novoportal\/wp-json\/wp\/v2\/types\/post"}],"author":[{"embeddable":true,"href":"https:\/\/www.sudoestehoje.com.br\/novoportal\/wp-json\/wp\/v2\/users\/2"}],"replies":[{"embeddable":true,"href":"https:\/\/www.sudoestehoje.com.br\/novoportal\/wp-json\/wp\/v2\/comments?post=12954"}],"version-history":[{"count":1,"href":"https:\/\/www.sudoestehoje.com.br\/novoportal\/wp-json\/wp\/v2\/posts\/12954\/revisions"}],"predecessor-version":[{"id":12955,"href":"https:\/\/www.sudoestehoje.com.br\/novoportal\/wp-json\/wp\/v2\/posts\/12954\/revisions\/12955"}],"wp:attachment":[{"href":"https:\/\/www.sudoestehoje.com.br\/novoportal\/wp-json\/wp\/v2\/media?parent=12954"}],"wp:term":[{"taxonomy":"category","embeddable":true,"href":"https:\/\/www.sudoestehoje.com.br\/novoportal\/wp-json\/wp\/v2\/categories?post=12954"},{"taxonomy":"post_tag","embeddable":true,"href":"https:\/\/www.sudoestehoje.com.br\/novoportal\/wp-json\/wp\/v2\/tags?post=12954"}],"curies":[{"name":"wp","href":"https:\/\/api.w.org\/{rel}","templated":true}]}}