
{"id":12942,"date":"2012-02-13T00:02:58","date_gmt":"2012-02-13T03:02:58","guid":{"rendered":"http:\/\/www.sudoestehoje.com.br\/novoportal\/?p=12942"},"modified":"2012-02-12T22:58:09","modified_gmt":"2012-02-13T01:58:09","slug":"emergencia-medica","status":"publish","type":"post","link":"https:\/\/www.sudoestehoje.com.br\/novoportal\/2012\/02\/13\/emergencia-medica\/","title":{"rendered":"EMERG\u00caNCIA M\u00c9DICA?"},"content":{"rendered":"<p><a href=\"http:\/\/www.sudoestehoje.com.br\/novoportal\/wp-content\/uploads\/2012\/02\/CARRO-DO-MEDICO.jpg\"><img loading=\"lazy\" decoding=\"async\" class=\"aligncenter size-medium wp-image-12943\" title=\"CARRO DO MEDICO\" src=\"http:\/\/www.sudoestehoje.com.br\/novoportal\/wp-content\/uploads\/2012\/02\/CARRO-DO-MEDICO-500x375.jpg\" alt=\"\" width=\"500\" height=\"375\" srcset=\"https:\/\/www.sudoestehoje.com.br\/novoportal\/wp-content\/uploads\/2012\/02\/CARRO-DO-MEDICO-500x375.jpg 500w, https:\/\/www.sudoestehoje.com.br\/novoportal\/wp-content\/uploads\/2012\/02\/CARRO-DO-MEDICO-1024x768.jpg 1024w\" sizes=\"auto, (max-width: 500px) 100vw, 500px\" \/><\/a><\/p>\n<p>&nbsp;<\/p>\n<p>Recebemos, via e-mail, este coment\u00e1rio de um internauta que est\u00e1 na bronca com um motorista folgado, que insiste em estacionar seu ve\u00edculo de luxo sobre um canteiro localizado na Pra\u00e7a Jo\u00e3o Barreto, em frente ao Posto Guilherme Dias. Vejam a &#8220;bronca&#8221; do leitor:<\/p>\n<p><em>\u201cBoa tarde Davi. Segue em anexo fotos de um ve\u00edculo estacionado na Pra\u00e7a Jo\u00e3o Barreto (Pra\u00e7a do Conjunto &#8211; em frente ao Posto de Sa\u00fade Guilherme Dias no bairro Camac\u00e3). Que falta de respeito. Querendo fugir do sol, o propriet\u00e1rio do veiculo achou que poderia atrapalhar a passagem de pedestres em uma pra\u00e7a, que \u00e9 lugar de lazer das crian\u00e7as do bairro.Pena que ele acabou foi atrapalhando os pedestres que por ali transitam. Vale lembrar que segundo os moradores da localidade o carro seria de algum m\u00e9dico que estaria trabalhando no Posto de Sa\u00fade. Se fosse de alguma outra pessoa, n\u00e3o poderia, mais por ser de um m\u00e9dico, pode? Que exemplo, hein?\u201d<\/em><\/p>\n<p>T\u00e1 na hora do pessoal da Comutran dar uma passadinha por l\u00e1 e aplicar aquela &#8216;multinha b\u00e1sica&#8217;&#8230;<\/p>\n<p><strong><em>Da Reda\u00e7\u00e3o<\/em><\/strong><\/p>\n","protected":false},"excerpt":{"rendered":"<p>&nbsp; Recebemos, via e-mail, este coment\u00e1rio de um internauta que est\u00e1 na bronca com um motorista folgado, que insiste em estacionar seu ve\u00edculo de luxo sobre um canteiro localizado na Pra\u00e7a Jo\u00e3o Barreto, em frente ao Posto Guilherme Dias. Vejam a &#8220;bronca&#8221; do leitor: \u201cBoa tarde Davi. Segue em anexo fotos de um ve\u00edculo estacionado [&hellip;]<\/p>\n","protected":false},"author":2,"featured_media":0,"comment_status":"open","ping_status":"open","sticky":false,"template":"","format":"standard","meta":{"footnotes":"","_links_to":"","_links_to_target":""},"categories":[1],"tags":[],"class_list":["post-12942","post","type-post","status-publish","format-standard","hentry","category-geral"],"views":1088,"_links":{"self":[{"href":"https:\/\/www.sudoestehoje.com.br\/novoportal\/wp-json\/wp\/v2\/posts\/12942","targetHints":{"allow":["GET"]}}],"collection":[{"href":"https:\/\/www.sudoestehoje.com.br\/novoportal\/wp-json\/wp\/v2\/posts"}],"about":[{"href":"https:\/\/www.sudoestehoje.com.br\/novoportal\/wp-json\/wp\/v2\/types\/post"}],"author":[{"embeddable":true,"href":"https:\/\/www.sudoestehoje.com.br\/novoportal\/wp-json\/wp\/v2\/users\/2"}],"replies":[{"embeddable":true,"href":"https:\/\/www.sudoestehoje.com.br\/novoportal\/wp-json\/wp\/v2\/comments?post=12942"}],"version-history":[{"count":1,"href":"https:\/\/www.sudoestehoje.com.br\/novoportal\/wp-json\/wp\/v2\/posts\/12942\/revisions"}],"predecessor-version":[{"id":12944,"href":"https:\/\/www.sudoestehoje.com.br\/novoportal\/wp-json\/wp\/v2\/posts\/12942\/revisions\/12944"}],"wp:attachment":[{"href":"https:\/\/www.sudoestehoje.com.br\/novoportal\/wp-json\/wp\/v2\/media?parent=12942"}],"wp:term":[{"taxonomy":"category","embeddable":true,"href":"https:\/\/www.sudoestehoje.com.br\/novoportal\/wp-json\/wp\/v2\/categories?post=12942"},{"taxonomy":"post_tag","embeddable":true,"href":"https:\/\/www.sudoestehoje.com.br\/novoportal\/wp-json\/wp\/v2\/tags?post=12942"}],"curies":[{"name":"wp","href":"https:\/\/api.w.org\/{rel}","templated":true}]}}