
{"id":12938,"date":"2012-02-13T00:01:17","date_gmt":"2012-02-13T03:01:17","guid":{"rendered":"http:\/\/www.sudoestehoje.com.br\/novoportal\/?p=12938"},"modified":"2012-02-12T22:16:09","modified_gmt":"2012-02-13T01:16:09","slug":"alunos-da-rede-estadual-retornam-as-aulas-nesta-segunda","status":"publish","type":"post","link":"https:\/\/www.sudoestehoje.com.br\/novoportal\/2012\/02\/13\/alunos-da-rede-estadual-retornam-as-aulas-nesta-segunda\/","title":{"rendered":"ALUNOS DA REDE ESTADUAL RETORNAM \u00c0S AULAS NESTA SEGUNDA"},"content":{"rendered":"<p style=\"text-align: center;\"><img decoding=\"async\" class=\"aligncenter\" src=\"http:\/\/www.itapetinga24horas.com\/wp-content\/uploads\/2011\/07\/PICT0469-300x225.jpg\" alt=\"\" width=\"400\" \/><\/p>\n<p style=\"text-align: center;\"><em>Prof. Reginaldo &#8216;Natureza&#8217; est\u00e1 pronto para retornar \u00e0s aulas no Dutra<\/em><\/p>\n<p>&nbsp;<\/p>\n<p>ITAPETINGA: Depois da paralisa\u00e7\u00e3o das aulas em virtude da greve da PM, as escolas da rede estadual voltam a funcionar nesta segunda-feira (13), dando in\u00edcio ao ano letivo de 2012.<\/p>\n<p>Em Itapetinga, algumas escolas, como o Col\u00e9gio Modelo, chegaram a funcionar na semana passada, mas de forma prec\u00e1ria, devido \u00e0s aus\u00eancia quase total de alunos. Outras, como o Col\u00e9gio Estadual Alfredo Dutra, preferiram aguardar o t\u00e9rmino da greve, para recome\u00e7ar o ano letivo com seguran\u00e7a e sem colocar em risco a seguran\u00e7a dos alunos, professores e funcion\u00e1rios.<\/p>\n<p>Na pr\u00f3xima semana, uma nova paralisa\u00e7\u00e3o das aulas j\u00e1 est\u00e1 prevista, devido ao per\u00edodo do Carnaval. Aula mesmo, pr\u00e1 valer, s\u00f3 a partir do dia 27 de fevereiro, quando acabam as festas e come\u00e7a o &#8216;ano novo&#8217; do baiano.<\/p>\n<p><strong><em>Da Reda\u00e7\u00e3o<\/em><\/strong><\/p>\n<p>&nbsp;<\/p>\n","protected":false},"excerpt":{"rendered":"<p>Prof. Reginaldo &#8216;Natureza&#8217; est\u00e1 pronto para retornar \u00e0s aulas no Dutra &nbsp; ITAPETINGA: Depois da paralisa\u00e7\u00e3o das aulas em virtude da greve da PM, as escolas da rede estadual voltam a funcionar nesta segunda-feira (13), dando in\u00edcio ao ano letivo de 2012. Em Itapetinga, algumas escolas, como o Col\u00e9gio Modelo, chegaram a funcionar na semana [&hellip;]<\/p>\n","protected":false},"author":2,"featured_media":0,"comment_status":"open","ping_status":"open","sticky":false,"template":"","format":"standard","meta":{"footnotes":"","_links_to":"","_links_to_target":""},"categories":[1],"tags":[],"class_list":["post-12938","post","type-post","status-publish","format-standard","hentry","category-geral"],"views":1039,"_links":{"self":[{"href":"https:\/\/www.sudoestehoje.com.br\/novoportal\/wp-json\/wp\/v2\/posts\/12938","targetHints":{"allow":["GET"]}}],"collection":[{"href":"https:\/\/www.sudoestehoje.com.br\/novoportal\/wp-json\/wp\/v2\/posts"}],"about":[{"href":"https:\/\/www.sudoestehoje.com.br\/novoportal\/wp-json\/wp\/v2\/types\/post"}],"author":[{"embeddable":true,"href":"https:\/\/www.sudoestehoje.com.br\/novoportal\/wp-json\/wp\/v2\/users\/2"}],"replies":[{"embeddable":true,"href":"https:\/\/www.sudoestehoje.com.br\/novoportal\/wp-json\/wp\/v2\/comments?post=12938"}],"version-history":[{"count":2,"href":"https:\/\/www.sudoestehoje.com.br\/novoportal\/wp-json\/wp\/v2\/posts\/12938\/revisions"}],"predecessor-version":[{"id":12940,"href":"https:\/\/www.sudoestehoje.com.br\/novoportal\/wp-json\/wp\/v2\/posts\/12938\/revisions\/12940"}],"wp:attachment":[{"href":"https:\/\/www.sudoestehoje.com.br\/novoportal\/wp-json\/wp\/v2\/media?parent=12938"}],"wp:term":[{"taxonomy":"category","embeddable":true,"href":"https:\/\/www.sudoestehoje.com.br\/novoportal\/wp-json\/wp\/v2\/categories?post=12938"},{"taxonomy":"post_tag","embeddable":true,"href":"https:\/\/www.sudoestehoje.com.br\/novoportal\/wp-json\/wp\/v2\/tags?post=12938"}],"curies":[{"name":"wp","href":"https:\/\/api.w.org\/{rel}","templated":true}]}}