
{"id":12930,"date":"2012-02-12T11:02:54","date_gmt":"2012-02-12T14:02:54","guid":{"rendered":"http:\/\/www.sudoestehoje.com.br\/novoportal\/?p=12930"},"modified":"2012-02-12T12:09:02","modified_gmt":"2012-02-12T15:09:02","slug":"nota-a-imprensa-e-a-populacao","status":"publish","type":"post","link":"https:\/\/www.sudoestehoje.com.br\/novoportal\/2012\/02\/12\/nota-a-imprensa-e-a-populacao\/","title":{"rendered":"NOTA \u00c0 IMPRENSA E \u00c0 POPULA\u00c7\u00c2O"},"content":{"rendered":"<div id=\"message319922638\">\n<div id=\"yiv450301131\">\n<div>\n<p><img decoding=\"async\" class=\"aligncenter\" src=\"http:\/\/3.bp.blogspot.com\/-_ccQ7NYX55U\/Tg1S8QPP8bI\/AAAAAAAAACM\/S6nJDSfkXM0\/s1600\/Convite+ASPRA.jpg\" alt=\"\" width=\"300\" \/><\/p>\n<p>&nbsp;<\/p>\n<p>N\u00f3s,\u00a0policiais militares, reunidos no Gin\u00e1sio dos Banc\u00e1rios, neste s\u00e1bado dia 11 de fevereiro de 2012, decidimos pelo fim do movimento que mant\u00ednhamos h\u00e1 12 dias. Nossa decis\u00e3o partiu da premissa de que dignificamos a corpora\u00e7\u00e3o encetando uma a\u00e7\u00e3o amplamente vitoriosa, que repercutiu na sociedade baiana e a n\u00edvel nacional, mostrando uma categoria firme na\u00a0 sua insatisfa\u00e7\u00e3o com os baixos soldos e\u00a0as promessas do governo n\u00e3o cumpridas. Foi esta a\u00e7\u00e3o que levou as autoridades, tradicionalmente desatentas aos reclamos da tropa,\u00a0a negociar com os militares e ceder em alguns pontos.\u00a0Durante esse dias a categoria deu provas incontestes de seu amadurecimento n\u00e3o colocando seus interesses acima dos da sociedade. Assim, evitamos um confronto com nossos irm\u00e3os do Ex\u00e9rcito,\u00a0negociamos o cumprimento das determina\u00e7\u00f5es do Judici\u00e1rio e estivemos sempre abertos\u00a0para a negocia\u00e7\u00e3o das nossas demandas. N\u00e3o poder\u00edamos, prejudicar a sociedade em fun\u00e7\u00e3o da intransig\u00eancia do governo do Estado.<\/p>\n<p>A assembleia da Policia Militar legitima, respeita e agradece a todas as associa\u00e7\u00f5es de pol\u00edcias militares do Estado da Bahia, dentre elas a ASPRA que foi important\u00edssima na nossa greve, assim como as demais.<\/p>\n<p>Repudiamos a forma autorit\u00e1ria e ditadora do Governo da Bahia, que de forma truculenta e autorit\u00e1ria, lacrou a Sede da ASPRA-BA, assim bem como a sua conta banc\u00e1ria. Epis\u00f3dio s\u00f3 visto antes durante a Ditadura&#8230;<\/p>\n<p>Agradecemos \u00e1 popula\u00e7\u00e3o baiana o apoio que nos foi dado e a cobertura dos ve\u00edculos de comunica\u00e7\u00e3o. Prometemos retribuir a todos atrav\u00e9s da pronta integra\u00e7\u00e3o nos servi\u00e7os para a sua prote\u00e7\u00e3o.\u00a0E afirmamos que o fim do nosso movimento n\u00e3o significa nem que aceitamos a proposta do governo, nem que encerramos a nossa luta. Esta continua, por melhores condi\u00e7\u00f5es de trabalho e respeito.<\/p>\n<p style=\"text-align: center;\">A ASSEMBL\u00c9IA DOS POLICIAIS MILITARES DA BAHIA<\/p>\n<\/div>\n<div><\/div>\n<div>Assessoria de comunica\u00e7\u00e3o<\/div>\n<div>071-9122-7195\/ 9126-2455 &#8211; Dandara<\/div>\n<\/div>\n<\/div>\n","protected":false},"excerpt":{"rendered":"<p>&nbsp; N\u00f3s,\u00a0policiais militares, reunidos no Gin\u00e1sio dos Banc\u00e1rios, neste s\u00e1bado dia 11 de fevereiro de 2012, decidimos pelo fim do movimento que mant\u00ednhamos h\u00e1 12 dias. Nossa decis\u00e3o partiu da premissa de que dignificamos a corpora\u00e7\u00e3o encetando uma a\u00e7\u00e3o amplamente vitoriosa, que repercutiu na sociedade baiana e a n\u00edvel nacional, mostrando uma categoria firme na\u00a0 [&hellip;]<\/p>\n","protected":false},"author":2,"featured_media":0,"comment_status":"open","ping_status":"open","sticky":false,"template":"","format":"standard","meta":{"footnotes":"","_links_to":"","_links_to_target":""},"categories":[1],"tags":[],"class_list":["post-12930","post","type-post","status-publish","format-standard","hentry","category-geral"],"views":1216,"_links":{"self":[{"href":"https:\/\/www.sudoestehoje.com.br\/novoportal\/wp-json\/wp\/v2\/posts\/12930","targetHints":{"allow":["GET"]}}],"collection":[{"href":"https:\/\/www.sudoestehoje.com.br\/novoportal\/wp-json\/wp\/v2\/posts"}],"about":[{"href":"https:\/\/www.sudoestehoje.com.br\/novoportal\/wp-json\/wp\/v2\/types\/post"}],"author":[{"embeddable":true,"href":"https:\/\/www.sudoestehoje.com.br\/novoportal\/wp-json\/wp\/v2\/users\/2"}],"replies":[{"embeddable":true,"href":"https:\/\/www.sudoestehoje.com.br\/novoportal\/wp-json\/wp\/v2\/comments?post=12930"}],"version-history":[{"count":4,"href":"https:\/\/www.sudoestehoje.com.br\/novoportal\/wp-json\/wp\/v2\/posts\/12930\/revisions"}],"predecessor-version":[{"id":12936,"href":"https:\/\/www.sudoestehoje.com.br\/novoportal\/wp-json\/wp\/v2\/posts\/12930\/revisions\/12936"}],"wp:attachment":[{"href":"https:\/\/www.sudoestehoje.com.br\/novoportal\/wp-json\/wp\/v2\/media?parent=12930"}],"wp:term":[{"taxonomy":"category","embeddable":true,"href":"https:\/\/www.sudoestehoje.com.br\/novoportal\/wp-json\/wp\/v2\/categories?post=12930"},{"taxonomy":"post_tag","embeddable":true,"href":"https:\/\/www.sudoestehoje.com.br\/novoportal\/wp-json\/wp\/v2\/tags?post=12930"}],"curies":[{"name":"wp","href":"https:\/\/api.w.org\/{rel}","templated":true}]}}