
{"id":12902,"date":"2012-02-12T08:35:35","date_gmt":"2012-02-12T11:35:35","guid":{"rendered":"http:\/\/www.sudoestehoje.com.br\/novoportal\/?p=12902"},"modified":"2012-02-12T08:35:35","modified_gmt":"2012-02-12T11:35:35","slug":"jovem-pedro-henric-sera-sepultado-neste-domingo","status":"publish","type":"post","link":"https:\/\/www.sudoestehoje.com.br\/novoportal\/2012\/02\/12\/jovem-pedro-henric-sera-sepultado-neste-domingo\/","title":{"rendered":"JOVEM PEDRO HENRIC SER\u00c1 SEPULTADO NESTE DOMINGO"},"content":{"rendered":"<p><img decoding=\"async\" class=\"aligncenter\" src=\"http:\/\/www.itapetinganet.com.br\/site\/fotos\/pedro%20henric%20small.jpg\" alt=\"\" width=\"500\" \/><\/p>\n<p>&nbsp;<\/p>\n<p>Informa\u00e7\u00e3o prestada por Dr. Bernardo Pereira, tio de Pedro Henric que faleceu neste s\u00e1bado v\u00edtima de acidente de carro, confirma que o sepultamento do corpo do jovem ser\u00e1 neste domingo, dia 12, \u00e0s 09 horas no Cemit\u00e9rio Parque da Nova Itapetinga. O vel\u00f3rio est\u00e1 sendo realizado na 1\u00aa Igreja Batista na Pra\u00e7a Augusto de Carvalho.<\/p>\n<p>Segundo site Itapetinganamidia os policiais civis que estiveram no local do acidente, depois de observarem marcas de pneus no asfalto, acreditam que Pedro Henrique perdeu o controle do carro, ap\u00f3s desviar o Peugeot para a contram\u00e3o para a realizar uma ultrapassagem ou desviar de algum animal na pista. Informa\u00e7\u00f5es do Itapetinganet.<\/p>\n","protected":false},"excerpt":{"rendered":"<p>&nbsp; Informa\u00e7\u00e3o prestada por Dr. Bernardo Pereira, tio de Pedro Henric que faleceu neste s\u00e1bado v\u00edtima de acidente de carro, confirma que o sepultamento do corpo do jovem ser\u00e1 neste domingo, dia 12, \u00e0s 09 horas no Cemit\u00e9rio Parque da Nova Itapetinga. O vel\u00f3rio est\u00e1 sendo realizado na 1\u00aa Igreja Batista na Pra\u00e7a Augusto de [&hellip;]<\/p>\n","protected":false},"author":2,"featured_media":0,"comment_status":"open","ping_status":"open","sticky":false,"template":"","format":"standard","meta":{"footnotes":"","_links_to":"","_links_to_target":""},"categories":[1],"tags":[],"class_list":["post-12902","post","type-post","status-publish","format-standard","hentry","category-geral"],"views":1170,"_links":{"self":[{"href":"https:\/\/www.sudoestehoje.com.br\/novoportal\/wp-json\/wp\/v2\/posts\/12902","targetHints":{"allow":["GET"]}}],"collection":[{"href":"https:\/\/www.sudoestehoje.com.br\/novoportal\/wp-json\/wp\/v2\/posts"}],"about":[{"href":"https:\/\/www.sudoestehoje.com.br\/novoportal\/wp-json\/wp\/v2\/types\/post"}],"author":[{"embeddable":true,"href":"https:\/\/www.sudoestehoje.com.br\/novoportal\/wp-json\/wp\/v2\/users\/2"}],"replies":[{"embeddable":true,"href":"https:\/\/www.sudoestehoje.com.br\/novoportal\/wp-json\/wp\/v2\/comments?post=12902"}],"version-history":[{"count":3,"href":"https:\/\/www.sudoestehoje.com.br\/novoportal\/wp-json\/wp\/v2\/posts\/12902\/revisions"}],"predecessor-version":[{"id":12905,"href":"https:\/\/www.sudoestehoje.com.br\/novoportal\/wp-json\/wp\/v2\/posts\/12902\/revisions\/12905"}],"wp:attachment":[{"href":"https:\/\/www.sudoestehoje.com.br\/novoportal\/wp-json\/wp\/v2\/media?parent=12902"}],"wp:term":[{"taxonomy":"category","embeddable":true,"href":"https:\/\/www.sudoestehoje.com.br\/novoportal\/wp-json\/wp\/v2\/categories?post=12902"},{"taxonomy":"post_tag","embeddable":true,"href":"https:\/\/www.sudoestehoje.com.br\/novoportal\/wp-json\/wp\/v2\/tags?post=12902"}],"curies":[{"name":"wp","href":"https:\/\/api.w.org\/{rel}","templated":true}]}}