
{"id":12883,"date":"2012-02-11T19:59:20","date_gmt":"2012-02-11T22:59:20","guid":{"rendered":"http:\/\/www.sudoestehoje.com.br\/novoportal\/?p=12883"},"modified":"2012-02-11T23:03:30","modified_gmt":"2012-02-12T02:03:30","slug":"acabou-a-greve-da-pm-na-bahia","status":"publish","type":"post","link":"https:\/\/www.sudoestehoje.com.br\/novoportal\/2012\/02\/11\/acabou-a-greve-da-pm-na-bahia\/","title":{"rendered":"ACABOU A GREVE DA PM NA BAHIA"},"content":{"rendered":"<p><img decoding=\"async\" class=\"aligncenter\" src=\"http:\/\/cadireito.com.br\/noticias\/todas\/dyn_images\/9\/833_greve-pm-ba2_1.jpg\" alt=\"\" width=\"400\" \/><\/p>\n<p style=\"text-align: center;\"><strong><em>ACABOU!!! <\/em><\/strong><\/p>\n<p>&nbsp;<\/p>\n<p>SALVADOR: Depois de 11 dias de paralisa\u00e7\u00e3o, o comando de greve do grupo de policiais e bombeiros militares baianos, paralisados desde a noite do \u00faltimo dia 31 de janeiro, retomar\u00e3o as atividades a partir deste s\u00e1bado (11). A decis\u00e3o foi tomada durante assembleia realizada nesta sexta-feira (10)<\/p>\n<p>Al\u00e9m da revoga\u00e7\u00e3o dos processos administrativos de PMs que participaram da greve e da anula\u00e7\u00e3o das pris\u00f5es dos l\u00edderes da greve, o Governo aceitou o pagamento imediato da GAP IV (Gratifica\u00e7\u00e3o de Atividade de Policial) e o pagamento da GAP V para mar\u00e7o de 2013.<\/p>\n<p>Com o acordo firmado, os policiais encerram a campanha salarial referente ao ano de 2012. Os policiais tamb\u00e9m ter\u00e3o reajuste de 6,5% retroativos \u00e0 janeiro deste ano. Segundo os \u00f3rg\u00e3os do governo estadual, nos \u00faltimos anos, a categoria teve ganho real &#8211; isto \u00e9, descontando a infla\u00e7\u00e3o- de mais de 30%.<\/p>\n<p>Em contrapartida, os militares abriram m\u00e3o da revoga\u00e7\u00e3o do decreto de pris\u00e3o dos policiais e bombeiros envolvidos nas a\u00e7\u00f5es grevista. De acordo com a categoria, a via judicial ser\u00e1 o caminho direto para tentar negociar a libera\u00e7\u00e3o dos PM&#8217;s presos. Al\u00e9m disso, os policias militares garantiram que far\u00e3o o policiamento ostensivo durante os dias de Carnaval.<\/p>\n<p>Na manh\u00e3 da \u00faltima quinta-feira (09), policiais ligados a ASPRA (Associa\u00e7\u00e3o de Policiais e Bombeiros do Estado da Bahia) desocupou o pr\u00e9dio da Assembleia da Assembleia Legislativa do Estado (ALBA), no Centro Administrativo (CAB).<\/p>\n<p><strong><em>Correio<\/em><\/strong><\/p>\n","protected":false},"excerpt":{"rendered":"<p>ACABOU!!! &nbsp; SALVADOR: Depois de 11 dias de paralisa\u00e7\u00e3o, o comando de greve do grupo de policiais e bombeiros militares baianos, paralisados desde a noite do \u00faltimo dia 31 de janeiro, retomar\u00e3o as atividades a partir deste s\u00e1bado (11). A decis\u00e3o foi tomada durante assembleia realizada nesta sexta-feira (10) Al\u00e9m da revoga\u00e7\u00e3o dos processos administrativos [&hellip;]<\/p>\n","protected":false},"author":2,"featured_media":0,"comment_status":"open","ping_status":"open","sticky":false,"template":"","format":"standard","meta":{"footnotes":"","_links_to":"","_links_to_target":""},"categories":[1],"tags":[],"class_list":["post-12883","post","type-post","status-publish","format-standard","hentry","category-geral"],"views":1088,"_links":{"self":[{"href":"https:\/\/www.sudoestehoje.com.br\/novoportal\/wp-json\/wp\/v2\/posts\/12883","targetHints":{"allow":["GET"]}}],"collection":[{"href":"https:\/\/www.sudoestehoje.com.br\/novoportal\/wp-json\/wp\/v2\/posts"}],"about":[{"href":"https:\/\/www.sudoestehoje.com.br\/novoportal\/wp-json\/wp\/v2\/types\/post"}],"author":[{"embeddable":true,"href":"https:\/\/www.sudoestehoje.com.br\/novoportal\/wp-json\/wp\/v2\/users\/2"}],"replies":[{"embeddable":true,"href":"https:\/\/www.sudoestehoje.com.br\/novoportal\/wp-json\/wp\/v2\/comments?post=12883"}],"version-history":[{"count":8,"href":"https:\/\/www.sudoestehoje.com.br\/novoportal\/wp-json\/wp\/v2\/posts\/12883\/revisions"}],"predecessor-version":[{"id":12894,"href":"https:\/\/www.sudoestehoje.com.br\/novoportal\/wp-json\/wp\/v2\/posts\/12883\/revisions\/12894"}],"wp:attachment":[{"href":"https:\/\/www.sudoestehoje.com.br\/novoportal\/wp-json\/wp\/v2\/media?parent=12883"}],"wp:term":[{"taxonomy":"category","embeddable":true,"href":"https:\/\/www.sudoestehoje.com.br\/novoportal\/wp-json\/wp\/v2\/categories?post=12883"},{"taxonomy":"post_tag","embeddable":true,"href":"https:\/\/www.sudoestehoje.com.br\/novoportal\/wp-json\/wp\/v2\/tags?post=12883"}],"curies":[{"name":"wp","href":"https:\/\/api.w.org\/{rel}","templated":true}]}}