
{"id":12875,"date":"2012-02-11T17:59:21","date_gmt":"2012-02-11T20:59:21","guid":{"rendered":"http:\/\/www.sudoestehoje.com.br\/novoportal\/?p=12875"},"modified":"2012-02-11T18:00:32","modified_gmt":"2012-02-11T21:00:32","slug":"greve-da-pm-acaba-em-itabuna","status":"publish","type":"post","link":"https:\/\/www.sudoestehoje.com.br\/novoportal\/2012\/02\/11\/greve-da-pm-acaba-em-itabuna\/","title":{"rendered":"GREVE DA PM ACABA EM ITABUNA"},"content":{"rendered":"<p><span style=\"text-align: center;\">\u00a0<\/span><\/p>\n<p><img decoding=\"async\" class=\"aligncenter\" src=\"http:\/\/3.bp.blogspot.com\/-IFAeNPpUrEA\/TyreK5azM8I\/AAAAAAAA7Cs\/DWNhwYKLp7E\/s1600\/00000.jpg\" alt=\"\" width=\"400\" \/><\/p>\n<p style=\"text-align: center;\"><em>Greve da PM parou o movimentado com\u00e9rcio de Itabuna<\/em><\/p>\n<p>&nbsp;<\/p>\n<p>ITABUNA: O esvaziamento da greve da Pol\u00edcia Militar levou os soldados e sargentos de Itabuna, que ainda mantinham a paralisa\u00e7\u00e3o, a decidir voltar ao trabalho. A decis\u00e3o se deu h\u00e1 pouco mais de meia hora, numa assembleia no 15\u00ba Batalh\u00e3o.<\/p>\n<p>Policiais da cidade confirmaram que boa parte do contingente da PM em Itabuna j\u00e1 demonstrava a inten\u00e7\u00e3o de acabar com a greve. A pris\u00e3o do l\u00edder Marco Prisco, o fim da mobiliza\u00e7\u00e3o em outras cidades e a convoca\u00e7\u00e3o do comando-geral da PM para que soldados normalizassem a atividade demoveram a categoria de continuar na resist\u00eancia. A falta de respostas do comando de greve em Salvador tamb\u00e9m fez os policiais itabunenses se sentirem isolados.<\/p>\n<p>H\u00e1 pouco, todas as viaturas que se encontravam retidas no 15\u00ba BPM foram liberadas e sa\u00edram para as ruas. Pela manh\u00e3, os grevistas j\u00e1 tinham autorizado a sa\u00edda de viaturas com oficiais. Apenas os soldados e sargentos continuavam parados at\u00e9 o final desta tarde.<\/p>\n<p>A informa\u00e7\u00e3o \u00e9 de que a greve em Ilh\u00e9us tamb\u00e9m acaba hoje.<\/p>\n<p><strong><em>Pimenta<\/em><\/strong><\/p>\n","protected":false},"excerpt":{"rendered":"<p>\u00a0 Greve da PM parou o movimentado com\u00e9rcio de Itabuna &nbsp; ITABUNA: O esvaziamento da greve da Pol\u00edcia Militar levou os soldados e sargentos de Itabuna, que ainda mantinham a paralisa\u00e7\u00e3o, a decidir voltar ao trabalho. A decis\u00e3o se deu h\u00e1 pouco mais de meia hora, numa assembleia no 15\u00ba Batalh\u00e3o. Policiais da cidade confirmaram [&hellip;]<\/p>\n","protected":false},"author":2,"featured_media":0,"comment_status":"open","ping_status":"open","sticky":false,"template":"","format":"standard","meta":{"footnotes":"","_links_to":"","_links_to_target":""},"categories":[1],"tags":[],"class_list":["post-12875","post","type-post","status-publish","format-standard","hentry","category-geral"],"views":1172,"_links":{"self":[{"href":"https:\/\/www.sudoestehoje.com.br\/novoportal\/wp-json\/wp\/v2\/posts\/12875","targetHints":{"allow":["GET"]}}],"collection":[{"href":"https:\/\/www.sudoestehoje.com.br\/novoportal\/wp-json\/wp\/v2\/posts"}],"about":[{"href":"https:\/\/www.sudoestehoje.com.br\/novoportal\/wp-json\/wp\/v2\/types\/post"}],"author":[{"embeddable":true,"href":"https:\/\/www.sudoestehoje.com.br\/novoportal\/wp-json\/wp\/v2\/users\/2"}],"replies":[{"embeddable":true,"href":"https:\/\/www.sudoestehoje.com.br\/novoportal\/wp-json\/wp\/v2\/comments?post=12875"}],"version-history":[{"count":4,"href":"https:\/\/www.sudoestehoje.com.br\/novoportal\/wp-json\/wp\/v2\/posts\/12875\/revisions"}],"predecessor-version":[{"id":12878,"href":"https:\/\/www.sudoestehoje.com.br\/novoportal\/wp-json\/wp\/v2\/posts\/12875\/revisions\/12878"}],"wp:attachment":[{"href":"https:\/\/www.sudoestehoje.com.br\/novoportal\/wp-json\/wp\/v2\/media?parent=12875"}],"wp:term":[{"taxonomy":"category","embeddable":true,"href":"https:\/\/www.sudoestehoje.com.br\/novoportal\/wp-json\/wp\/v2\/categories?post=12875"},{"taxonomy":"post_tag","embeddable":true,"href":"https:\/\/www.sudoestehoje.com.br\/novoportal\/wp-json\/wp\/v2\/tags?post=12875"}],"curies":[{"name":"wp","href":"https:\/\/api.w.org\/{rel}","templated":true}]}}