
{"id":12861,"date":"2012-02-11T09:07:12","date_gmt":"2012-02-11T12:07:12","guid":{"rendered":"http:\/\/www.sudoestehoje.com.br\/novoportal\/?p=12861"},"modified":"2012-02-11T09:07:12","modified_gmt":"2012-02-11T12:07:12","slug":"itapetinga-funcionarios-da-valedourado-sem-plano-de-saude","status":"publish","type":"post","link":"https:\/\/www.sudoestehoje.com.br\/novoportal\/2012\/02\/11\/itapetinga-funcionarios-da-valedourado-sem-plano-de-saude\/","title":{"rendered":"ITAPETINGA: FUNCION\u00c1RIOS DA VALEDOURADO SEM PLANO DE SA\u00daDE"},"content":{"rendered":"<p><img decoding=\"async\" class=\"aligncenter\" src=\"http:\/\/1.bp.blogspot.com\/_vBEVDLY91Ww\/TH8aaSPOOFI\/AAAAAAAAERM\/KSQCTmL8V2o\/s1600\/vale+dourado.JPG\" alt=\"\" width=\"400\" \/><\/p>\n<p>&nbsp;<\/p>\n<p>ITAPETINGA: Funcion\u00e1rios da Valedourado est\u00e3o reclamando na imprensa que a empresa deixou de pagar o conv\u00eanio com a Unimed, deixando os seus empregados e familiares sem direito de utilizar o plano de sa\u00fade. Com isto a situa\u00e7\u00e3o dos cerca de 200 empregados da empresa e seus dependentes ficou dif\u00edcil, pois n\u00e3o podem recorrer tamb\u00e9m ao SUS, devido ao cancelamento dos atendimentos pelos hospitais Cristo Redentor e Raimundo Perazzo.<\/p>\n<p>Representantes do sindicato que representa a categoria disseram no programa &#8216;Na boca do Povo&#8217;, na manh\u00e3 deste s\u00e1bado, que a dire\u00e7\u00e3o da empresa havia prometido resolver o problema em reuni\u00e3o com os empregados, mas que ficou s\u00f3 na promessa.<\/p>\n<p>Muitos empregados com problemas graves de sa\u00fade tiveram que suspender os seus tratamentos m\u00e9dicos, por n\u00e3o poderem mais contar com o plano da Unimed, embora os valores do conv\u00eanio estejam sendo descontados nos seus contra-cheque, todos os meses.<\/p>\n<p>O conv\u00eanio com a Unimed foi firmado ainda no tempo da Leite Gl\u00f3ria e esta \u00e9 a primeira vez que a empresa deixa de efetuar o pagamento. Segundo os sindicalistas, a Valedourado alega &#8220;problemas de caixa&#8221;. Ser\u00e1&#8230;?<\/p>\n<p><strong><em>Da Reda\u00e7\u00e3o<\/em><\/strong><\/p>\n","protected":false},"excerpt":{"rendered":"<p>&nbsp; ITAPETINGA: Funcion\u00e1rios da Valedourado est\u00e3o reclamando na imprensa que a empresa deixou de pagar o conv\u00eanio com a Unimed, deixando os seus empregados e familiares sem direito de utilizar o plano de sa\u00fade. Com isto a situa\u00e7\u00e3o dos cerca de 200 empregados da empresa e seus dependentes ficou dif\u00edcil, pois n\u00e3o podem recorrer tamb\u00e9m [&hellip;]<\/p>\n","protected":false},"author":2,"featured_media":0,"comment_status":"open","ping_status":"open","sticky":false,"template":"","format":"standard","meta":{"footnotes":"","_links_to":"","_links_to_target":""},"categories":[1],"tags":[],"class_list":["post-12861","post","type-post","status-publish","format-standard","hentry","category-geral"],"views":1416,"_links":{"self":[{"href":"https:\/\/www.sudoestehoje.com.br\/novoportal\/wp-json\/wp\/v2\/posts\/12861","targetHints":{"allow":["GET"]}}],"collection":[{"href":"https:\/\/www.sudoestehoje.com.br\/novoportal\/wp-json\/wp\/v2\/posts"}],"about":[{"href":"https:\/\/www.sudoestehoje.com.br\/novoportal\/wp-json\/wp\/v2\/types\/post"}],"author":[{"embeddable":true,"href":"https:\/\/www.sudoestehoje.com.br\/novoportal\/wp-json\/wp\/v2\/users\/2"}],"replies":[{"embeddable":true,"href":"https:\/\/www.sudoestehoje.com.br\/novoportal\/wp-json\/wp\/v2\/comments?post=12861"}],"version-history":[{"count":2,"href":"https:\/\/www.sudoestehoje.com.br\/novoportal\/wp-json\/wp\/v2\/posts\/12861\/revisions"}],"predecessor-version":[{"id":12863,"href":"https:\/\/www.sudoestehoje.com.br\/novoportal\/wp-json\/wp\/v2\/posts\/12861\/revisions\/12863"}],"wp:attachment":[{"href":"https:\/\/www.sudoestehoje.com.br\/novoportal\/wp-json\/wp\/v2\/media?parent=12861"}],"wp:term":[{"taxonomy":"category","embeddable":true,"href":"https:\/\/www.sudoestehoje.com.br\/novoportal\/wp-json\/wp\/v2\/categories?post=12861"},{"taxonomy":"post_tag","embeddable":true,"href":"https:\/\/www.sudoestehoje.com.br\/novoportal\/wp-json\/wp\/v2\/tags?post=12861"}],"curies":[{"name":"wp","href":"https:\/\/api.w.org\/{rel}","templated":true}]}}